{"id":8081,"date":"2013-04-24T07:42:48","date_gmt":"2013-04-24T10:42:48","guid":{"rendered":"http:\/\/www.bibliotecadeseguranca.com.br\/fr\/?p=8081"},"modified":"2014-02-05T23:55:20","modified_gmt":"2014-02-06T02:55:20","slug":"comunicacao-empresarial-politicas-e-estrategias","status":"publish","type":"post","link":"https:\/\/www.bibliotecadeseguranca.com.br\/fr\/livros\/comunicacao-empresarial-politicas-e-estrategias\/","title":{"rendered":"Comunica\u00e7\u00e3o Empresarial &#8211; Pol\u00edticas e Estrat\u00e9gias"},"content":{"rendered":"<p><strong><img loading=\"lazy\" decoding=\"async\" class=\"alignleft size-full wp-image-8082\" alt=\"Comunica\u00e7\u00e3o Empresarial - Pol\u00edticas e Estrat\u00e9gias\" src=\"http:\/\/www.bibliotecadeseguranca.com.br\/fr\/wp-content\/uploads\/2013\/04\/comunicacao-empresarial-politicas-e-estrategias.jpg\" width=\"145\" height=\"207\" srcset=\"https:\/\/www.bibliotecadeseguranca.com.br\/fr\/wp-content\/uploads\/2013\/04\/comunicacao-empresarial-politicas-e-estrategias.jpg 145w, https:\/\/www.bibliotecadeseguranca.com.br\/fr\/wp-content\/uploads\/2013\/04\/comunicacao-empresarial-politicas-e-estrategias-105x150.jpg 105w\" sizes=\"auto, (max-width: 145px) 100vw, 145px\" \/><span style=\"color: #003366;\">Wilson da Costa Bueno<\/span><\/strong><\/p>\n<p><span style=\"color: #003366;\"><strong>Editor Saraiva<\/strong><\/span><\/p>\n<p><span style=\"color: #003366;\"><strong>Descripci\u00f3n:<\/strong><\/span> Traz os conceitos b\u00e1sicos da comunica\u00e7\u00e3o empresarial, mostrando o papel estrat\u00e9gico que a comunica\u00e7\u00e3o desempenha dentro das empresas, al\u00e9m de tratar de temas atuais, como: governan\u00e7a corporativa, sustentabilidade, responsabilidade socioambiental e a amplia\u00e7\u00e3o do espa\u00e7o de atua\u00e7\u00e3o das empresas devido \u00e0s novas tecnologias.<\/p>\n","protected":false},"excerpt":{"rendered":"<p>Wilson da Costa Bueno Editor Saraiva Descripci\u00f3n: Traz os conceitos b\u00e1sicos da comunica\u00e7\u00e3o empresarial, mostrando o papel estrat\u00e9gico que a comunica\u00e7\u00e3o desempenha dentro das empresas, al\u00e9m de tratar de temas atuais, como: governan\u00e7a corporativa, sustentabilidade, responsabilidade socioambiental e a amplia\u00e7\u00e3o do espa\u00e7o de atua\u00e7\u00e3o das empresas devido \u00e0s novas tecnologias.<\/p>\n","protected":false},"author":3,"featured_media":8082,"comment_status":"open","ping_status":"closed","sticky":false,"template":"","format":"standard","meta":{"footnotes":""},"categories":[14,6],"tags":[],"class_list":["post-8081","post","type-post","status-publish","format-standard","has-post-thumbnail","hentry","category-administracao-e-estrategia-empresarial","category-livros"],"views":336,"_links":{"self":[{"href":"https:\/\/www.bibliotecadeseguranca.com.br\/fr\/wp-json\/wp\/v2\/posts\/8081","targetHints":{"allow":["GET"]}}],"collection":[{"href":"https:\/\/www.bibliotecadeseguranca.com.br\/fr\/wp-json\/wp\/v2\/posts"}],"about":[{"href":"https:\/\/www.bibliotecadeseguranca.com.br\/fr\/wp-json\/wp\/v2\/types\/post"}],"author":[{"embeddable":true,"href":"https:\/\/www.bibliotecadeseguranca.com.br\/fr\/wp-json\/wp\/v2\/users\/3"}],"replies":[{"embeddable":true,"href":"https:\/\/www.bibliotecadeseguranca.com.br\/fr\/wp-json\/wp\/v2\/comments?post=8081"}],"version-history":[{"count":2,"href":"https:\/\/www.bibliotecadeseguranca.com.br\/fr\/wp-json\/wp\/v2\/posts\/8081\/revisions"}],"predecessor-version":[{"id":9870,"href":"https:\/\/www.bibliotecadeseguranca.com.br\/fr\/wp-json\/wp\/v2\/posts\/8081\/revisions\/9870"}],"wp:featuredmedia":[{"embeddable":true,"href":"https:\/\/www.bibliotecadeseguranca.com.br\/fr\/wp-json\/wp\/v2\/media\/8082"}],"wp:attachment":[{"href":"https:\/\/www.bibliotecadeseguranca.com.br\/fr\/wp-json\/wp\/v2\/media?parent=8081"}],"wp:term":[{"taxonomy":"category","embeddable":true,"href":"https:\/\/www.bibliotecadeseguranca.com.br\/fr\/wp-json\/wp\/v2\/categories?post=8081"},{"taxonomy":"post_tag","embeddable":true,"href":"https:\/\/www.bibliotecadeseguranca.com.br\/fr\/wp-json\/wp\/v2\/tags?post=8081"}],"curies":[{"name":"wp","href":"https:\/\/api.w.org\/{rel}","templated":true}]}}