{"id":8078,"date":"2013-04-24T05:24:41","date_gmt":"2013-04-24T08:24:41","guid":{"rendered":"http:\/\/www.bibliotecadeseguranca.com.br\/fr\/?p=8078"},"modified":"2014-02-05T23:55:22","modified_gmt":"2014-02-06T02:55:22","slug":"seguranca-contra-incendios","status":"publish","type":"post","link":"https:\/\/www.bibliotecadeseguranca.com.br\/fr\/livros\/seguranca-contra-incendios\/","title":{"rendered":"Seguran\u00e7a Contra Inc\u00eandios"},"content":{"rendered":"<p><strong><img loading=\"lazy\" decoding=\"async\" class=\"alignleft size-full wp-image-8079\" alt=\"Seguran\u00e7a Contra Inc\u00eandios\" src=\"http:\/\/www.bibliotecadeseguranca.com.br\/fr\/wp-content\/uploads\/2013\/04\/seguranca-contra-incendios.jpg\" width=\"145\" height=\"210\" srcset=\"https:\/\/www.bibliotecadeseguranca.com.br\/fr\/wp-content\/uploads\/2013\/04\/seguranca-contra-incendios.jpg 145w, https:\/\/www.bibliotecadeseguranca.com.br\/fr\/wp-content\/uploads\/2013\/04\/seguranca-contra-incendios-103x150.jpg 103w\" sizes=\"auto, (max-width: 145px) 100vw, 145px\" \/><span style=\"color: #003366;\">Aderson Guimar\u00e3es Pereira<\/span><\/strong><\/p>\n<p><span style=\"color: #003366;\"><strong>Editor LTR<\/strong><\/span><\/p>\n<p><span style=\"color: #003366;\"><strong>Descripci\u00f3n:<\/strong><\/span> O conte\u00fado deste trabalho consiste na reuni\u00e3o de artigos elaborados pelo autor e publicados em revistas especializadas em seguran\u00e7a contra inc\u00eandios. Trata de assuntos relativos a temas institucionais, administrativos e operacionais. Destacam-se os artigos nos quais s\u00e3o descritas as medidas de seguran\u00e7a contra inc\u00eandios a serem previstas nas edifica\u00e7\u00f5es e \u00e1reas de risco para melhoria da qualidade das condi\u00e7\u00f5es preventivas.<\/p>\n","protected":false},"excerpt":{"rendered":"<p>Aderson Guimar\u00e3es Pereira Editor LTR Descripci\u00f3n: O conte\u00fado deste trabalho consiste na reuni\u00e3o de artigos elaborados pelo autor e publicados em revistas especializadas em seguran\u00e7a contra inc\u00eandios. Trata de assuntos relativos a temas institucionais, administrativos e operacionais. Destacam-se os artigos nos quais s\u00e3o descritas as medidas de seguran\u00e7a contra inc\u00eandios a serem previstas nas edifica\u00e7\u00f5es e \u00e1reas de risco para melhoria da qualidade das condi\u00e7\u00f5es preventivas.<\/p>\n","protected":false},"author":3,"featured_media":8079,"comment_status":"open","ping_status":"closed","sticky":false,"template":"","format":"standard","meta":{"footnotes":""},"categories":[17,6],"tags":[],"class_list":["post-8078","post","type-post","status-publish","format-standard","has-post-thumbnail","hentry","category-incendio","category-livros"],"views":225,"_links":{"self":[{"href":"https:\/\/www.bibliotecadeseguranca.com.br\/fr\/wp-json\/wp\/v2\/posts\/8078","targetHints":{"allow":["GET"]}}],"collection":[{"href":"https:\/\/www.bibliotecadeseguranca.com.br\/fr\/wp-json\/wp\/v2\/posts"}],"about":[{"href":"https:\/\/www.bibliotecadeseguranca.com.br\/fr\/wp-json\/wp\/v2\/types\/post"}],"author":[{"embeddable":true,"href":"https:\/\/www.bibliotecadeseguranca.com.br\/fr\/wp-json\/wp\/v2\/users\/3"}],"replies":[{"embeddable":true,"href":"https:\/\/www.bibliotecadeseguranca.com.br\/fr\/wp-json\/wp\/v2\/comments?post=8078"}],"version-history":[{"count":2,"href":"https:\/\/www.bibliotecadeseguranca.com.br\/fr\/wp-json\/wp\/v2\/posts\/8078\/revisions"}],"predecessor-version":[{"id":9869,"href":"https:\/\/www.bibliotecadeseguranca.com.br\/fr\/wp-json\/wp\/v2\/posts\/8078\/revisions\/9869"}],"wp:featuredmedia":[{"embeddable":true,"href":"https:\/\/www.bibliotecadeseguranca.com.br\/fr\/wp-json\/wp\/v2\/media\/8079"}],"wp:attachment":[{"href":"https:\/\/www.bibliotecadeseguranca.com.br\/fr\/wp-json\/wp\/v2\/media?parent=8078"}],"wp:term":[{"taxonomy":"category","embeddable":true,"href":"https:\/\/www.bibliotecadeseguranca.com.br\/fr\/wp-json\/wp\/v2\/categories?post=8078"},{"taxonomy":"post_tag","embeddable":true,"href":"https:\/\/www.bibliotecadeseguranca.com.br\/fr\/wp-json\/wp\/v2\/tags?post=8078"}],"curies":[{"name":"wp","href":"https:\/\/api.w.org\/{rel}","templated":true}]}}