{"id":8072,"date":"2013-04-22T05:06:55","date_gmt":"2013-04-22T08:06:55","guid":{"rendered":"http:\/\/www.bibliotecadeseguranca.com.br\/fr\/?p=8072"},"modified":"2014-02-05T23:55:28","modified_gmt":"2014-02-06T02:55:28","slug":"manual-de-gestao-de-seguranca","status":"publish","type":"post","link":"https:\/\/www.bibliotecadeseguranca.com.br\/fr\/livros\/manual-de-gestao-de-seguranca\/","title":{"rendered":"Manual de Gest\u00e3o de Seguran\u00e7a"},"content":{"rendered":"<p><strong><img loading=\"lazy\" decoding=\"async\" class=\"alignleft size-full wp-image-8073\" alt=\"Manual de Gest\u00e3o de Seguran\u00e7a\" src=\"http:\/\/www.bibliotecadeseguranca.com.br\/fr\/wp-content\/uploads\/2013\/04\/manual-de-gestao-de-seguranca.jpg\" width=\"145\" height=\"199\" srcset=\"https:\/\/www.bibliotecadeseguranca.com.br\/fr\/wp-content\/uploads\/2013\/04\/manual-de-gestao-de-seguranca.jpg 145w, https:\/\/www.bibliotecadeseguranca.com.br\/fr\/wp-content\/uploads\/2013\/04\/manual-de-gestao-de-seguranca-109x150.jpg 109w\" sizes=\"auto, (max-width: 145px) 100vw, 145px\" \/><span style=\"color: #003366;\">C\u00edcero Moteran<\/span><\/strong><\/p>\n<p><span style=\"color: #003366;\"><strong>Editor Armaz\u00e9m de Id\u00e9ias<\/strong><\/span><\/p>\n<p><span style=\"color: #003366;\"><strong>Descripci\u00f3n:<\/strong><\/span> O livro contempla, de forma did\u00e1tica e pioneira, a intera\u00e7\u00e3o entre seguran\u00e7a p\u00fablica e seguran\u00e7a privada, a partir do estudo evolutivo das duas fam\u00edlias, analisando cada ramo espec\u00edfico da seg. privada quanto a dimens\u00e3o, intera\u00e7\u00f5es, atribui\u00e7\u00f5es e fronteiras, desde o vigia at\u00e9 o videomonitoramento.<br \/>\nCom total embasamento t\u00e9cnico e jur\u00eddico o livro conceitua cada segmento da seguran\u00e7a de forma a consolidar conhecimentos e tornar f\u00e1cil a resposta a algumas perguntas, tais como: Guarda municipal \u00e9 seguran\u00e7a p\u00fablica? Qual a diferen\u00e7a entre vigia, porteiro e vigilante? Podemos contratar um vigia de rua? O videomonitoramento agride os direitos individuais constitucionais? Pode o policial exercer a seguran\u00e7a privada? Arma n\u00e3o letal \u00e9 mais dissuasiva que a arma de fogo? De quem \u00e9 a responsabilidade pela seguran\u00e7a na empresa? Qual o valor do investimento para se ter seguran\u00e7a? De quem \u00e9 a responsabilidade pela seguran\u00e7a privada? Todas as seguran\u00e7as se convergem para uma \u00fanica? A seguran\u00e7a privada \u00e9 maior, ou menor que a seguran\u00e7a p\u00fablica nos pa\u00edses com melhor ambiente de seguran\u00e7a? Todos os ramos da seguran\u00e7a convergem para uma s\u00f3?<\/p>\n","protected":false},"excerpt":{"rendered":"<p>C\u00edcero Moteran Editor Armaz\u00e9m de Id\u00e9ias Descripci\u00f3n: O livro contempla, de forma did\u00e1tica e pioneira, a intera\u00e7\u00e3o entre seguran\u00e7a p\u00fablica e seguran\u00e7a privada, a partir do estudo evolutivo das duas fam\u00edlias, analisando cada ramo espec\u00edfico da seg. privada quanto a dimens\u00e3o, intera\u00e7\u00f5es, atribui\u00e7\u00f5es e fronteiras, desde o vigia at\u00e9 o videomonitoramento. Com total embasamento t\u00e9cnico e jur\u00eddico o livro conceitua cada segmento da seguran\u00e7a de forma a consolidar conhecimentos e&hellip; <\/p>\n","protected":false},"author":3,"featured_media":8073,"comment_status":"open","ping_status":"closed","sticky":false,"template":"","format":"standard","meta":{"footnotes":""},"categories":[23,6,25],"tags":[],"class_list":["post-8072","post","type-post","status-publish","format-standard","has-post-thumbnail","hentry","category-gestao-da-seguranca-empresarial","category-livros","category-seguranca-publica-e-defesa"],"views":399,"_links":{"self":[{"href":"https:\/\/www.bibliotecadeseguranca.com.br\/fr\/wp-json\/wp\/v2\/posts\/8072","targetHints":{"allow":["GET"]}}],"collection":[{"href":"https:\/\/www.bibliotecadeseguranca.com.br\/fr\/wp-json\/wp\/v2\/posts"}],"about":[{"href":"https:\/\/www.bibliotecadeseguranca.com.br\/fr\/wp-json\/wp\/v2\/types\/post"}],"author":[{"embeddable":true,"href":"https:\/\/www.bibliotecadeseguranca.com.br\/fr\/wp-json\/wp\/v2\/users\/3"}],"replies":[{"embeddable":true,"href":"https:\/\/www.bibliotecadeseguranca.com.br\/fr\/wp-json\/wp\/v2\/comments?post=8072"}],"version-history":[{"count":3,"href":"https:\/\/www.bibliotecadeseguranca.com.br\/fr\/wp-json\/wp\/v2\/posts\/8072\/revisions"}],"predecessor-version":[{"id":9868,"href":"https:\/\/www.bibliotecadeseguranca.com.br\/fr\/wp-json\/wp\/v2\/posts\/8072\/revisions\/9868"}],"wp:featuredmedia":[{"embeddable":true,"href":"https:\/\/www.bibliotecadeseguranca.com.br\/fr\/wp-json\/wp\/v2\/media\/8073"}],"wp:attachment":[{"href":"https:\/\/www.bibliotecadeseguranca.com.br\/fr\/wp-json\/wp\/v2\/media?parent=8072"}],"wp:term":[{"taxonomy":"category","embeddable":true,"href":"https:\/\/www.bibliotecadeseguranca.com.br\/fr\/wp-json\/wp\/v2\/categories?post=8072"},{"taxonomy":"post_tag","embeddable":true,"href":"https:\/\/www.bibliotecadeseguranca.com.br\/fr\/wp-json\/wp\/v2\/tags?post=8072"}],"curies":[{"name":"wp","href":"https:\/\/api.w.org\/{rel}","templated":true}]}}