{"id":8049,"date":"2013-04-17T05:01:43","date_gmt":"2013-04-17T08:01:43","guid":{"rendered":"http:\/\/www.bibliotecadeseguranca.com.br\/fr\/?p=8049"},"modified":"2014-02-05T23:56:03","modified_gmt":"2014-02-06T02:56:03","slug":"as-vitimas-ocultas","status":"publish","type":"post","link":"https:\/\/www.bibliotecadeseguranca.com.br\/fr\/livros\/as-vitimas-ocultas\/","title":{"rendered":"As V\u00edtimas Ocultas"},"content":{"rendered":"<p><strong><img loading=\"lazy\" decoding=\"async\" class=\"alignleft size-full wp-image-8050\" alt=\"As V\u00edtimas Ocultas\" src=\"http:\/\/www.bibliotecadeseguranca.com.br\/fr\/wp-content\/uploads\/2013\/04\/as-vitimas-ocultas.jpg\" width=\"145\" height=\"225\" srcset=\"https:\/\/www.bibliotecadeseguranca.com.br\/fr\/wp-content\/uploads\/2013\/04\/as-vitimas-ocultas.jpg 145w, https:\/\/www.bibliotecadeseguranca.com.br\/fr\/wp-content\/uploads\/2013\/04\/as-vitimas-ocultas-96x150.jpg 96w\" sizes=\"auto, (max-width: 145px) 100vw, 145px\" \/><span style=\"color: #003366;\">Glaucio Ary Dillon Soares, Daise Miranda e Doriam Borges<\/span><\/strong><\/p>\n<p><span style=\"color: #003366;\"><strong>Editor Civiliza\u00e7\u00e3o Brasileira<\/strong><\/span><\/p>\n<p><span style=\"color: #003366;\"><strong>Descripci\u00f3n:<\/strong><\/span> Em &#8220;As v\u00edtimas ocultas da viol\u00eancia na cidade do Rio de Janeiro&#8221; &#8211; terceiro volume da Cole\u00e7\u00e3o Seguran\u00e7a e Cidadania, coordenada por Julita Lembgruber, os organizadores apresentam os resultados de uma pesquisa, focalizando as v\u00edtimas ocultas da viol\u00eancia no munic\u00edpio do Rio de Janeiro. O objetivo \u00e9 mostrar a gravidade do problema e gerar uma base de informa\u00e7\u00f5es necess\u00e1ria \u00e0 formula\u00e7\u00e3o de pol\u00edticas p\u00fablicas voltadas para o apoio a essas v\u00edtimas. De fevereiro a mar\u00e7o de 2003, foram feitas 20 entrevistas abertas com familiares e amigos de pessoas vitimadas por morte violenta &#8211; homic\u00eddio, suic\u00eddio, acidente de tr\u00e2nsito, atropelamento, queda ou acidente de trabalho. Al\u00e9m de conhecidos da pr\u00f3pria equipe de pesquisadores, chegou-se a esses primeiros entrevistados por um levantamento em sindicatos de profiss\u00f5es sujeitas a risco de vida, como taxistas, motoristas de \u00f4nibus, jornalistas, vigilantes, e tamb\u00e9m por contatos com associa\u00e7\u00f5es de prote\u00e7\u00e3o \u00e0 testemunha e de combate \u00e0 viol\u00eancia. &#8216;As v\u00edtimas ocultas da viol\u00eancia na cidade do Rio de Janeiro&#8217; mostra que, longe de aliviar os efeitos da trag\u00e9dia, o poder p\u00fablico \u00e9 mais um fator a acentuar o sofrimento de quem fica. O primeiro passo para reverter essa situa\u00e7\u00e3o est\u00e1 aqui &#8211; tornar vis\u00edveis as v\u00edtimas ocultas desta cidade. Caso contr\u00e1rio, elas continuar\u00e3o sofrendo muito, e sozinhas.<\/p>\n","protected":false},"excerpt":{"rendered":"<p>Glaucio Ary Dillon Soares, Daise Miranda e Doriam Borges Editor Civiliza\u00e7\u00e3o Brasileira Descripci\u00f3n: Em &#8220;As v\u00edtimas ocultas da viol\u00eancia na cidade do Rio de Janeiro&#8221; &#8211; terceiro volume da Cole\u00e7\u00e3o Seguran\u00e7a e Cidadania, coordenada por Julita Lembgruber, os organizadores apresentam os resultados de uma pesquisa, focalizando as v\u00edtimas ocultas da viol\u00eancia no munic\u00edpio do Rio de Janeiro. O objetivo \u00e9 mostrar a gravidade do problema e gerar uma base de&hellip; <\/p>\n","protected":false},"author":3,"featured_media":8050,"comment_status":"open","ping_status":"closed","sticky":false,"template":"","format":"standard","meta":{"footnotes":""},"categories":[10,6,25],"tags":[],"class_list":["post-8049","post","type-post","status-publish","format-standard","has-post-thumbnail","hentry","category-crime-violencia-e-criminologia","category-livros","category-seguranca-publica-e-defesa"],"views":496,"_links":{"self":[{"href":"https:\/\/www.bibliotecadeseguranca.com.br\/fr\/wp-json\/wp\/v2\/posts\/8049","targetHints":{"allow":["GET"]}}],"collection":[{"href":"https:\/\/www.bibliotecadeseguranca.com.br\/fr\/wp-json\/wp\/v2\/posts"}],"about":[{"href":"https:\/\/www.bibliotecadeseguranca.com.br\/fr\/wp-json\/wp\/v2\/types\/post"}],"author":[{"embeddable":true,"href":"https:\/\/www.bibliotecadeseguranca.com.br\/fr\/wp-json\/wp\/v2\/users\/3"}],"replies":[{"embeddable":true,"href":"https:\/\/www.bibliotecadeseguranca.com.br\/fr\/wp-json\/wp\/v2\/comments?post=8049"}],"version-history":[{"count":3,"href":"https:\/\/www.bibliotecadeseguranca.com.br\/fr\/wp-json\/wp\/v2\/posts\/8049\/revisions"}],"predecessor-version":[{"id":9861,"href":"https:\/\/www.bibliotecadeseguranca.com.br\/fr\/wp-json\/wp\/v2\/posts\/8049\/revisions\/9861"}],"wp:featuredmedia":[{"embeddable":true,"href":"https:\/\/www.bibliotecadeseguranca.com.br\/fr\/wp-json\/wp\/v2\/media\/8050"}],"wp:attachment":[{"href":"https:\/\/www.bibliotecadeseguranca.com.br\/fr\/wp-json\/wp\/v2\/media?parent=8049"}],"wp:term":[{"taxonomy":"category","embeddable":true,"href":"https:\/\/www.bibliotecadeseguranca.com.br\/fr\/wp-json\/wp\/v2\/categories?post=8049"},{"taxonomy":"post_tag","embeddable":true,"href":"https:\/\/www.bibliotecadeseguranca.com.br\/fr\/wp-json\/wp\/v2\/tags?post=8049"}],"curies":[{"name":"wp","href":"https:\/\/api.w.org\/{rel}","templated":true}]}}