{"id":7807,"date":"2013-04-10T04:45:51","date_gmt":"2013-04-10T07:45:51","guid":{"rendered":"http:\/\/www.bibliotecadeseguranca.com.br\/fr\/?p=7807"},"modified":"2014-02-06T00:13:29","modified_gmt":"2014-02-06T03:13:29","slug":"seguranca-privada-expansao-dos-servicos-de-protecao-e-vigilancia-em-sao-paulo","status":"publish","type":"post","link":"https:\/\/www.bibliotecadeseguranca.com.br\/fr\/livros\/seguranca-privada-expansao-dos-servicos-de-protecao-e-vigilancia-em-sao-paulo\/","title":{"rendered":"Seguran\u00e7a Privada &#8211; Expans\u00e3o dos Servi\u00e7os de Prote\u00e7\u00e3o e Vigil\u00e2ncia em S\u00e3o Paulo"},"content":{"rendered":"<p><strong><img loading=\"lazy\" decoding=\"async\" class=\"alignleft size-full wp-image-7808\" title=\"Seguran\u00e7a Privada - Expans\u00e3o dos Servi\u00e7os de Prote\u00e7\u00e3o e Vigil\u00e2ncia em S\u00e3o Paulo\" alt=\"\" src=\"http:\/\/www.bibliotecadeseguranca.com.br\/fr\/wp-content\/uploads\/2013\/04\/seguranca-privada-expansao-dos-servicos-de-protecao-e-vigilancia-em-sao-paulo.jpg\" width=\"145\" height=\"218\" srcset=\"https:\/\/www.bibliotecadeseguranca.com.br\/fr\/wp-content\/uploads\/2013\/04\/seguranca-privada-expansao-dos-servicos-de-protecao-e-vigilancia-em-sao-paulo.jpg 145w, https:\/\/www.bibliotecadeseguranca.com.br\/fr\/wp-content\/uploads\/2013\/04\/seguranca-privada-expansao-dos-servicos-de-protecao-e-vigilancia-em-sao-paulo-99x150.jpg 99w\" sizes=\"auto, (max-width: 145px) 100vw, 145px\" \/><span style=\"color: #003366;\">Viviane de Oliveira Cubas<\/span><\/strong><\/p>\n<p><span style=\"color: #003366;\"><strong>Editor Humanitas<\/strong><\/span><\/p>\n<p><span style=\"color: #003366;\"><strong>Descripci\u00f3n:<\/strong><\/span> Os servi\u00e7os de seguran\u00e7a privada v\u00eam se expandindo cada vez mais nos \u00faltimos anos. Tal servi\u00e7o \u00e9 geralmente solicitado para refor\u00e7ar a vigil\u00e2ncia de espa\u00e7os p\u00fablicos e privados com a justificativa baseada no aumento da criminalidade, no medo da viol\u00eancia e na inefici\u00eancia da pol\u00edcia. Entretanto os vigilantes privados n\u00e3o est\u00e3o submetidos a regras e limites em suas a\u00e7\u00f5es assim como o est\u00e3o os policiais. Dessa maneira, abrem-se espa\u00e7os para atitudes arbitr\u00e1rias e contr\u00e1rias \u00e0 lei que prev\u00ea ao Estado o monop\u00f3lio leg\u00edtimo da viol\u00eancia. Outra caracter\u00edstica \u00e9 o fr\u00e1gil controle do Estado sobre tais empresas que det\u00eam um poder de pol\u00edcia na esfera privada mas que est\u00e1 livre dos formalismos que protegem os indiv\u00edduos no espa\u00e7o p\u00fablico. Neste trabalho \u00e9 apresentada uma pesquisa sobre as empresas de seguran\u00e7a privada existentes em S\u00e3o Paulo. Procurou-se descrever a estrutura de funcionamento dessas empresas e identificar o que o Estado permite e quais os limites estabelecidos por ele para a atua\u00e7\u00e3o de tais empresas no mercado.<\/p>\n","protected":false},"excerpt":{"rendered":"<p>Viviane de Oliveira Cubas Editor Humanitas Descripci\u00f3n: Os servi\u00e7os de seguran\u00e7a privada v\u00eam se expandindo cada vez mais nos \u00faltimos anos. Tal servi\u00e7o \u00e9 geralmente solicitado para refor\u00e7ar a vigil\u00e2ncia de espa\u00e7os p\u00fablicos e privados com a justificativa baseada no aumento da criminalidade, no medo da viol\u00eancia e na inefici\u00eancia da pol\u00edcia. Entretanto os vigilantes privados n\u00e3o est\u00e3o submetidos a regras e limites em suas a\u00e7\u00f5es assim como o est\u00e3o&hellip; <\/p>\n","protected":false},"author":3,"featured_media":7808,"comment_status":"open","ping_status":"closed","sticky":false,"template":"","format":"standard","meta":{"footnotes":""},"categories":[23,6,25],"tags":[],"class_list":["post-7807","post","type-post","status-publish","format-standard","has-post-thumbnail","hentry","category-gestao-da-seguranca-empresarial","category-livros","category-seguranca-publica-e-defesa"],"views":410,"_links":{"self":[{"href":"https:\/\/www.bibliotecadeseguranca.com.br\/fr\/wp-json\/wp\/v2\/posts\/7807","targetHints":{"allow":["GET"]}}],"collection":[{"href":"https:\/\/www.bibliotecadeseguranca.com.br\/fr\/wp-json\/wp\/v2\/posts"}],"about":[{"href":"https:\/\/www.bibliotecadeseguranca.com.br\/fr\/wp-json\/wp\/v2\/types\/post"}],"author":[{"embeddable":true,"href":"https:\/\/www.bibliotecadeseguranca.com.br\/fr\/wp-json\/wp\/v2\/users\/3"}],"replies":[{"embeddable":true,"href":"https:\/\/www.bibliotecadeseguranca.com.br\/fr\/wp-json\/wp\/v2\/comments?post=7807"}],"version-history":[{"count":3,"href":"https:\/\/www.bibliotecadeseguranca.com.br\/fr\/wp-json\/wp\/v2\/posts\/7807\/revisions"}],"predecessor-version":[{"id":9851,"href":"https:\/\/www.bibliotecadeseguranca.com.br\/fr\/wp-json\/wp\/v2\/posts\/7807\/revisions\/9851"}],"wp:featuredmedia":[{"embeddable":true,"href":"https:\/\/www.bibliotecadeseguranca.com.br\/fr\/wp-json\/wp\/v2\/media\/7808"}],"wp:attachment":[{"href":"https:\/\/www.bibliotecadeseguranca.com.br\/fr\/wp-json\/wp\/v2\/media?parent=7807"}],"wp:term":[{"taxonomy":"category","embeddable":true,"href":"https:\/\/www.bibliotecadeseguranca.com.br\/fr\/wp-json\/wp\/v2\/categories?post=7807"},{"taxonomy":"post_tag","embeddable":true,"href":"https:\/\/www.bibliotecadeseguranca.com.br\/fr\/wp-json\/wp\/v2\/tags?post=7807"}],"curies":[{"name":"wp","href":"https:\/\/api.w.org\/{rel}","templated":true}]}}