{"id":7800,"date":"2013-04-08T04:59:51","date_gmt":"2013-04-08T07:59:51","guid":{"rendered":"http:\/\/www.bibliotecadeseguranca.com.br\/fr\/?p=7800"},"modified":"2014-11-11T19:58:54","modified_gmt":"2014-11-11T22:58:54","slug":"nova-criminologia-e-os-crimes-do-colarinho-branco","status":"publish","type":"post","link":"https:\/\/www.bibliotecadeseguranca.com.br\/fr\/livros\/nova-criminologia-e-os-crimes-do-colarinho-branco\/","title":{"rendered":"Nova Criminologia e os Crimes do Colarinho Branco"},"content":{"rendered":"<p><strong><img loading=\"lazy\" decoding=\"async\" class=\"alignleft size-full wp-image-7801\" title=\"Nova Criminologia e os Crimes do Colarinho Branco\" alt=\"\" src=\"http:\/\/www.bibliotecadeseguranca.com.br\/fr\/wp-content\/uploads\/2013\/04\/nova-criminologia-e-os-crimes-do-colarinho-branco.jpg\" width=\"145\" height=\"218\" srcset=\"https:\/\/www.bibliotecadeseguranca.com.br\/fr\/wp-content\/uploads\/2013\/04\/nova-criminologia-e-os-crimes-do-colarinho-branco.jpg 145w, https:\/\/www.bibliotecadeseguranca.com.br\/fr\/wp-content\/uploads\/2013\/04\/nova-criminologia-e-os-crimes-do-colarinho-branco-99x150.jpg 99w\" sizes=\"auto, (max-width: 145px) 100vw, 145px\" \/><span style=\"color: #003366;\">Ryanna Pala Veras<\/span><\/strong><\/p>\n<p><span style=\"color: #003366;\"><strong>Editor Martins Fontes<\/strong><\/span><\/p>\n<p><span style=\"color: #003366;\"><strong>Descripci\u00f3n:<\/strong><\/span> O livro descreve o contexto geral da cria\u00e7\u00e3o e desenvolvimento da criminologia e posteriormente da sociologia criminal. Contextualiza o papel da sociedade na cria\u00e7\u00e3o do crime e na rea\u00e7\u00e3o organizada contra tal fen\u00f4meno. Especificamente, analisa o surgimento da preocupa\u00e7\u00e3o com os crimes do colarinho branco na primeira metade do s\u00e9culo XX e como este fen\u00f4meno foi justificado pelas principais teorias sociol\u00f3gicas, uma vez que a criminalidade tradicionalmente \u00e9 associada \u00e0 pobreza e \u00e0 priva\u00e7\u00e3o material. A obra introduz uma an\u00e1lise cr\u00edtica da organiza\u00e7\u00e3o da sociedade e seus valores considerados respons\u00e1veis em grande medida pelos crimes que nela predominam.<\/p>\n","protected":false},"excerpt":{"rendered":"<p>Ryanna Pala Veras Editor Martins Fontes Descripci\u00f3n: O livro descreve o contexto geral da cria\u00e7\u00e3o e desenvolvimento da criminologia e posteriormente da sociologia criminal. Contextualiza o papel da sociedade na cria\u00e7\u00e3o do crime e na rea\u00e7\u00e3o organizada contra tal fen\u00f4meno. Especificamente, analisa o surgimento da preocupa\u00e7\u00e3o com os crimes do colarinho branco na primeira metade do s\u00e9culo XX e como este fen\u00f4meno foi justificado pelas principais teorias sociol\u00f3gicas, uma vez&hellip; <\/p>\n","protected":false},"author":3,"featured_media":7801,"comment_status":"open","ping_status":"closed","sticky":false,"template":"","format":"standard","meta":{"footnotes":""},"categories":[10,6],"tags":[],"class_list":["post-7800","post","type-post","status-publish","format-standard","has-post-thumbnail","hentry","category-crime-violencia-e-criminologia","category-livros"],"views":197,"_links":{"self":[{"href":"https:\/\/www.bibliotecadeseguranca.com.br\/fr\/wp-json\/wp\/v2\/posts\/7800","targetHints":{"allow":["GET"]}}],"collection":[{"href":"https:\/\/www.bibliotecadeseguranca.com.br\/fr\/wp-json\/wp\/v2\/posts"}],"about":[{"href":"https:\/\/www.bibliotecadeseguranca.com.br\/fr\/wp-json\/wp\/v2\/types\/post"}],"author":[{"embeddable":true,"href":"https:\/\/www.bibliotecadeseguranca.com.br\/fr\/wp-json\/wp\/v2\/users\/3"}],"replies":[{"embeddable":true,"href":"https:\/\/www.bibliotecadeseguranca.com.br\/fr\/wp-json\/wp\/v2\/comments?post=7800"}],"version-history":[{"count":3,"href":"https:\/\/www.bibliotecadeseguranca.com.br\/fr\/wp-json\/wp\/v2\/posts\/7800\/revisions"}],"predecessor-version":[{"id":9849,"href":"https:\/\/www.bibliotecadeseguranca.com.br\/fr\/wp-json\/wp\/v2\/posts\/7800\/revisions\/9849"}],"wp:featuredmedia":[{"embeddable":true,"href":"https:\/\/www.bibliotecadeseguranca.com.br\/fr\/wp-json\/wp\/v2\/media\/7801"}],"wp:attachment":[{"href":"https:\/\/www.bibliotecadeseguranca.com.br\/fr\/wp-json\/wp\/v2\/media?parent=7800"}],"wp:term":[{"taxonomy":"category","embeddable":true,"href":"https:\/\/www.bibliotecadeseguranca.com.br\/fr\/wp-json\/wp\/v2\/categories?post=7800"},{"taxonomy":"post_tag","embeddable":true,"href":"https:\/\/www.bibliotecadeseguranca.com.br\/fr\/wp-json\/wp\/v2\/tags?post=7800"}],"curies":[{"name":"wp","href":"https:\/\/api.w.org\/{rel}","templated":true}]}}