{"id":7790,"date":"2013-04-05T05:02:45","date_gmt":"2013-04-05T08:02:45","guid":{"rendered":"http:\/\/www.bibliotecadeseguranca.com.br\/fr\/?p=7790"},"modified":"2014-02-06T00:13:50","modified_gmt":"2014-02-06T03:13:50","slug":"planejamento-estrategico-teorias-modelos-e-processos","status":"publish","type":"post","link":"https:\/\/www.bibliotecadeseguranca.com.br\/fr\/livros\/planejamento-estrategico-teorias-modelos-e-processos\/","title":{"rendered":"Planejamento Estrat\u00e9gico: Teorias, Modelos e Processos"},"content":{"rendered":"<p><strong><img loading=\"lazy\" decoding=\"async\" class=\"alignleft size-full wp-image-7791\" title=\"Planejamento Estrat\u00e9gico: Teorias, Modelos e Processos\" alt=\"\" src=\"http:\/\/www.bibliotecadeseguranca.com.br\/fr\/wp-content\/uploads\/2013\/04\/planejamento-estrategico-teorias-modelos-e-processos.jpg\" width=\"145\" height=\"203\" srcset=\"https:\/\/www.bibliotecadeseguranca.com.br\/fr\/wp-content\/uploads\/2013\/04\/planejamento-estrategico-teorias-modelos-e-processos.jpg 145w, https:\/\/www.bibliotecadeseguranca.com.br\/fr\/wp-content\/uploads\/2013\/04\/planejamento-estrategico-teorias-modelos-e-processos-107x150.jpg 107w\" sizes=\"auto, (max-width: 145px) 100vw, 145px\" \/><span style=\"color: #003366;\">Maur\u00edcio Fernandes Pereira<\/span><\/strong><\/p>\n<p><span style=\"color: #003366;\"><strong>Editor Atlas<\/strong><\/span><\/p>\n<p><span style=\"color: #003366;\"><strong>Descripci\u00f3n:<\/strong><\/span> Com a leitura deste livro do Professor e escritor Maur\u00edcio Fernandes Pereira, aprendemos que &#8220;o Planejamento Estrat\u00e9gico \u00e9 uma atividade t\u00e9cnica administrativa que, atrav\u00e9s da an\u00e1lise do ambiente de uma organiza\u00e7\u00e3o, cria a consci\u00eancia das suas oportunidades e amea\u00e7as, dos seus pontos fortes e fracos para o cumprimento da sua miss\u00e3o e, atrav\u00e9s desta consci\u00eancia, estabelece o prop\u00f3sito de dire\u00e7\u00e3o que a organiza\u00e7\u00e3o dever\u00e1 seguir para aproveitar as oportunidades e evitar os riscos&#8221;. Jos\u00e9 Carlos Pacheco &#8211; Presidente do Tribunal de Contas do Estado de Santa Catarina<\/p>\n<p>&#8220;Pontos fortes que caracterizam bem o conceito de Planejamento Estrat\u00e9gico, defendido pelo autor, surgem bem a prop\u00f3sito em um momento da economia brasileira em que as classes menos favorecidas, de passado recente, come\u00e7am a ser resgatadas com o aumento de emprego, da necessidade de treinamento para forma\u00e7\u00e3o de m\u00e3o de obra especializada e consequentemente uma grande inclus\u00e3o de novos consumidores de produtos e servi\u00e7os. Um planejamento estrat\u00e9gico bem imaginado certamente vai contemplar essa grande massa de novos consumidores, criando novos produtos, melhores e mais baratos, que possam fazer frente aos produtos importados que invadem o nosso mercado e geram empregos l\u00e1 fora.&#8221; Joaquim Caio &#8211; Um dos fundadores e ex-presidente da Metalfrio Solutions &#8211; uma das maiores empresas do mundo no ramo de refrigera\u00e7\u00e3o<\/p>\n<p>&#8220;O livro Planejamento estrat\u00e9gico: teorias, modelos e processos traz a experi\u00eancia pr\u00e1tica para o desenvolvimento do processo de Planejamento em Organiza\u00e7\u00f5es reais. Com certeza \u00e9 uma excelente contribui\u00e7\u00e3o para as organiza\u00e7\u00f5es.&#8221; Martinho Isnard Ribeiro de Almeida &#8211; Vice-coordenador do Mestrado e Doutorado em Administra\u00e7\u00e3o da FEA\/USP<\/p>\n<p>&#8220;O Professor Maur\u00edcio Fernandes Pereira conseguiu no livro, com uma linguagem simples e objetiva, construir um texto e roteiro que auxilia alunos, executivos e empreendedores na elabora\u00e7\u00e3o de um Planejamento Estrat\u00e9gico. Para mim, como incentivador da ferramenta e consciente das dificuldades de sua utiliza\u00e7\u00e3o de forma participativa nas organiza\u00e7\u00f5es, entendo que este livro deve se tornar um guia que deve estar presente em todas as bibliotecas e em escrit\u00f3rios de executivos e empreendedores.&#8221; Gerson Silveira &#8211; Ex-Reitor da Universidade do Sul de Santa Catarina &#8211; UNISUL e Conselheiro Titular do Conselho Estadual de Educa\u00e7\u00e3o de Santa Catarina<\/p>\n<p>Obra de relevante interesse para profissionais e executivos que desejam implantar e desenvolver um planejamento estrat\u00e9gico passo a passo. Leitura complementar para as disciplinas Planejamento Estrat\u00e9gico e Estrat\u00e9gia dos cursos de gradua\u00e7\u00e3o e de p\u00f3s-gradua\u00e7\u00e3o em Administra\u00e7\u00e3o, Economia e Engenharia de Produ\u00e7\u00e3o.<\/p>\n","protected":false},"excerpt":{"rendered":"<p>Maur\u00edcio Fernandes Pereira Editor Atlas Descripci\u00f3n: Com a leitura deste livro do Professor e escritor Maur\u00edcio Fernandes Pereira, aprendemos que &#8220;o Planejamento Estrat\u00e9gico \u00e9 uma atividade t\u00e9cnica administrativa que, atrav\u00e9s da an\u00e1lise do ambiente de uma organiza\u00e7\u00e3o, cria a consci\u00eancia das suas oportunidades e amea\u00e7as, dos seus pontos fortes e fracos para o cumprimento da sua miss\u00e3o e, atrav\u00e9s desta consci\u00eancia, estabelece o prop\u00f3sito de dire\u00e7\u00e3o que a organiza\u00e7\u00e3o dever\u00e1&hellip; <\/p>\n","protected":false},"author":3,"featured_media":7791,"comment_status":"open","ping_status":"closed","sticky":false,"template":"","format":"standard","meta":{"footnotes":""},"categories":[14,30,6],"tags":[],"class_list":["post-7790","post","type-post","status-publish","format-standard","has-post-thumbnail","hentry","category-administracao-e-estrategia-empresarial","category-espionagem-e-inteligencia-competitiva","category-livros"],"views":302,"_links":{"self":[{"href":"https:\/\/www.bibliotecadeseguranca.com.br\/fr\/wp-json\/wp\/v2\/posts\/7790","targetHints":{"allow":["GET"]}}],"collection":[{"href":"https:\/\/www.bibliotecadeseguranca.com.br\/fr\/wp-json\/wp\/v2\/posts"}],"about":[{"href":"https:\/\/www.bibliotecadeseguranca.com.br\/fr\/wp-json\/wp\/v2\/types\/post"}],"author":[{"embeddable":true,"href":"https:\/\/www.bibliotecadeseguranca.com.br\/fr\/wp-json\/wp\/v2\/users\/3"}],"replies":[{"embeddable":true,"href":"https:\/\/www.bibliotecadeseguranca.com.br\/fr\/wp-json\/wp\/v2\/comments?post=7790"}],"version-history":[{"count":3,"href":"https:\/\/www.bibliotecadeseguranca.com.br\/fr\/wp-json\/wp\/v2\/posts\/7790\/revisions"}],"predecessor-version":[{"id":9846,"href":"https:\/\/www.bibliotecadeseguranca.com.br\/fr\/wp-json\/wp\/v2\/posts\/7790\/revisions\/9846"}],"wp:featuredmedia":[{"embeddable":true,"href":"https:\/\/www.bibliotecadeseguranca.com.br\/fr\/wp-json\/wp\/v2\/media\/7791"}],"wp:attachment":[{"href":"https:\/\/www.bibliotecadeseguranca.com.br\/fr\/wp-json\/wp\/v2\/media?parent=7790"}],"wp:term":[{"taxonomy":"category","embeddable":true,"href":"https:\/\/www.bibliotecadeseguranca.com.br\/fr\/wp-json\/wp\/v2\/categories?post=7790"},{"taxonomy":"post_tag","embeddable":true,"href":"https:\/\/www.bibliotecadeseguranca.com.br\/fr\/wp-json\/wp\/v2\/tags?post=7790"}],"curies":[{"name":"wp","href":"https:\/\/api.w.org\/{rel}","templated":true}]}}