{"id":7778,"date":"2013-04-03T05:04:27","date_gmt":"2013-04-03T08:04:27","guid":{"rendered":"http:\/\/www.bibliotecadeseguranca.com.br\/fr\/?p=7778"},"modified":"2014-02-06T00:14:04","modified_gmt":"2014-02-06T03:14:04","slug":"crime-organizado-e-organizacoes-criminosas-mundiais","status":"publish","type":"post","link":"https:\/\/www.bibliotecadeseguranca.com.br\/fr\/livros\/crime-organizado-e-organizacoes-criminosas-mundiais\/","title":{"rendered":"Crime Organizado e Organiza\u00e7\u00f5es Criminosas Mundiais"},"content":{"rendered":"<p><strong><img loading=\"lazy\" decoding=\"async\" class=\"alignleft size-full wp-image-7779\" title=\"Crime Organizado e Organiza\u00e7\u00f5es Criminosas Mundiais\" alt=\"\" src=\"http:\/\/www.bibliotecadeseguranca.com.br\/fr\/wp-content\/uploads\/2013\/04\/crime-organizado-e-organizacoes-criminosas-mundiais.jpg\" width=\"145\" height=\"189\" srcset=\"https:\/\/www.bibliotecadeseguranca.com.br\/fr\/wp-content\/uploads\/2013\/04\/crime-organizado-e-organizacoes-criminosas-mundiais.jpg 145w, https:\/\/www.bibliotecadeseguranca.com.br\/fr\/wp-content\/uploads\/2013\/04\/crime-organizado-e-organizacoes-criminosas-mundiais-115x150.jpg 115w\" sizes=\"auto, (max-width: 145px) 100vw, 145px\" \/><span style=\"color: #003366;\">Ana Luiza Almeida Ferro<\/span><\/strong><\/p>\n<p><span style=\"color: #003366;\"><strong>Editor Juru\u00e1<\/strong><\/span><\/p>\n<p><span style=\"color: #003366;\"><strong>Descripci\u00f3n:<\/strong><\/span> Estudo sistem\u00e1tico sobre o crime organizado e as organiza\u00e7\u00f5es criminosas, enfocando os antecedentes hist\u00f3ricos, as principais organiza\u00e7\u00f5es criminosas estrangeiras e brasileiras, as teorias e concep\u00e7\u00f5es criminol\u00f3gicas mais pertinentes \u00e0 compreens\u00e3o do fen\u00f4meno, como a teoria da associa\u00e7\u00e3o diferencial e a no\u00e7\u00e3o do crime de colarinho branco, o mito da M\u00e1fia, os modelos estruturais do crime organizado e das organiza\u00e7\u00f5es criminosas, a quest\u00e3o do conceito e caracteriza\u00e7\u00e3o do fen\u00f4meno e de seu confronto com outras modalidades delituosas, a exemplo do terrorismo, o tratamento do tema no Direito penal comparado e no Direito p\u00e1trio, via an\u00e1lise do art. 288 do C\u00f3digo Penal, da Lei 9.034\/95, de outros estatutos legais e de alguns projetos e anteprojetos legislativos, em constru\u00e7\u00e3o de um conceito o mais abrangente poss\u00edvel de crime organizado, em que as conex\u00f5es de suas organiza\u00e7\u00f5es com o Poder P\u00fablico, sobretudo pela corrup\u00e7\u00e3o, e com o mundo empresarial, pela natureza de seus neg\u00f3cios, s\u00e3o elementos essenciais, incluindo sugest\u00f5es pol\u00edtico-criminais e propostas legislativas.<\/p>\n","protected":false},"excerpt":{"rendered":"<p>Ana Luiza Almeida Ferro Editor Juru\u00e1 Descripci\u00f3n: Estudo sistem\u00e1tico sobre o crime organizado e as organiza\u00e7\u00f5es criminosas, enfocando os antecedentes hist\u00f3ricos, as principais organiza\u00e7\u00f5es criminosas estrangeiras e brasileiras, as teorias e concep\u00e7\u00f5es criminol\u00f3gicas mais pertinentes \u00e0 compreens\u00e3o do fen\u00f4meno, como a teoria da associa\u00e7\u00e3o diferencial e a no\u00e7\u00e3o do crime de colarinho branco, o mito da M\u00e1fia, os modelos estruturais do crime organizado e das organiza\u00e7\u00f5es criminosas, a quest\u00e3o do&hellip; <\/p>\n","protected":false},"author":3,"featured_media":7779,"comment_status":"open","ping_status":"closed","sticky":false,"template":"","format":"standard","meta":{"footnotes":""},"categories":[10,15,6,19,25],"tags":[],"class_list":["post-7778","post","type-post","status-publish","format-standard","has-post-thumbnail","hentry","category-crime-violencia-e-criminologia","category-fraude-e-investigacao","category-livros","category-risco-e-perdas","category-seguranca-publica-e-defesa"],"views":466,"_links":{"self":[{"href":"https:\/\/www.bibliotecadeseguranca.com.br\/fr\/wp-json\/wp\/v2\/posts\/7778","targetHints":{"allow":["GET"]}}],"collection":[{"href":"https:\/\/www.bibliotecadeseguranca.com.br\/fr\/wp-json\/wp\/v2\/posts"}],"about":[{"href":"https:\/\/www.bibliotecadeseguranca.com.br\/fr\/wp-json\/wp\/v2\/types\/post"}],"author":[{"embeddable":true,"href":"https:\/\/www.bibliotecadeseguranca.com.br\/fr\/wp-json\/wp\/v2\/users\/3"}],"replies":[{"embeddable":true,"href":"https:\/\/www.bibliotecadeseguranca.com.br\/fr\/wp-json\/wp\/v2\/comments?post=7778"}],"version-history":[{"count":3,"href":"https:\/\/www.bibliotecadeseguranca.com.br\/fr\/wp-json\/wp\/v2\/posts\/7778\/revisions"}],"predecessor-version":[{"id":9843,"href":"https:\/\/www.bibliotecadeseguranca.com.br\/fr\/wp-json\/wp\/v2\/posts\/7778\/revisions\/9843"}],"wp:featuredmedia":[{"embeddable":true,"href":"https:\/\/www.bibliotecadeseguranca.com.br\/fr\/wp-json\/wp\/v2\/media\/7779"}],"wp:attachment":[{"href":"https:\/\/www.bibliotecadeseguranca.com.br\/fr\/wp-json\/wp\/v2\/media?parent=7778"}],"wp:term":[{"taxonomy":"category","embeddable":true,"href":"https:\/\/www.bibliotecadeseguranca.com.br\/fr\/wp-json\/wp\/v2\/categories?post=7778"},{"taxonomy":"post_tag","embeddable":true,"href":"https:\/\/www.bibliotecadeseguranca.com.br\/fr\/wp-json\/wp\/v2\/tags?post=7778"}],"curies":[{"name":"wp","href":"https:\/\/api.w.org\/{rel}","templated":true}]}}