{"id":7771,"date":"2013-04-01T05:11:47","date_gmt":"2013-04-01T08:11:47","guid":{"rendered":"http:\/\/www.bibliotecadeseguranca.com.br\/fr\/?p=7771"},"modified":"2014-02-06T00:14:16","modified_gmt":"2014-02-06T03:14:16","slug":"o-medo-do-crime-na-cidade-do-rio-de-janeiro","status":"publish","type":"post","link":"https:\/\/www.bibliotecadeseguranca.com.br\/fr\/livros\/o-medo-do-crime-na-cidade-do-rio-de-janeiro\/","title":{"rendered":"O Medo do Crime na Cidade do Rio de Janeiro"},"content":{"rendered":"<p><strong><img loading=\"lazy\" decoding=\"async\" class=\"alignleft size-full wp-image-7772\" title=\"O Medo do Crime na Cidade do Rio de Janeiro\" alt=\"\" src=\"http:\/\/www.bibliotecadeseguranca.com.br\/fr\/wp-content\/uploads\/2013\/04\/o-medo-do-crime-na-cidade-do-rio-de-janeiro.jpg\" width=\"145\" height=\"206\" srcset=\"https:\/\/www.bibliotecadeseguranca.com.br\/fr\/wp-content\/uploads\/2013\/04\/o-medo-do-crime-na-cidade-do-rio-de-janeiro.jpg 145w, https:\/\/www.bibliotecadeseguranca.com.br\/fr\/wp-content\/uploads\/2013\/04\/o-medo-do-crime-na-cidade-do-rio-de-janeiro-105x150.jpg 105w\" sizes=\"auto, (max-width: 145px) 100vw, 145px\" \/><span style=\"color: #003366;\">Doriam Borges<\/span><\/strong><\/p>\n<p><span style=\"color: #003366;\"><strong>Editor Appris<\/strong><\/span><\/p>\n<p><span style=\"color: #003366;\"><strong>Descripci\u00f3n:<\/strong><\/span> Neste livro apresentamos um estudo sobre o medo do crime, interpretando-o como uma rea\u00e7\u00e3o emocional diante de um perigo real ou imagin\u00e1rio A abordagem empregada aqui entende que o perigo \u00e9 determinado por cren\u00e7as constru\u00eddas no decorrer de experi\u00eancias culturais e sociais Denominamos essas cren\u00e7as de &#8220;Cren\u00e7as de Perigo&#8221; Partimos da ideia de que essas cren\u00e7as s\u00e3o uma liga\u00e7\u00e3o entre a realidade e a imagina\u00e7\u00e3o, que conecta o conhecimento do indiv\u00edduo as suas experi\u00eancias reais de vida, a partir das trocas com os outros Para entender essa abordagem, propomos o Modelo de Cren\u00e7as de Perigo, que se refere \u00e0 constru\u00e7\u00e3o de cren\u00e7as de que alguma coisa ou algu\u00e9m \u00e9 perigoso As cren\u00e7as de perigo abordadas por este modelo s\u00e3o constru\u00eddas a partir de experi\u00eancias sociais, pol\u00edticas, hist\u00f3ricas e culturais dos indiv\u00edduos e como estes as absorvem Procuramos demonstrar como essas cren\u00e7as de perigo s\u00e3o est\u00edmulos que podem resultar na rea\u00e7\u00e3o emocional de medo e influenciar o comportamento e a qualidade de vida das pessoas Segundo este modelo, as cren\u00e7as de perigo ultrapassam os riscos reais na sociedade e fazem com que a popula\u00e7\u00e3o fique em estado de alerta contra a criminalidade.<\/p>\n","protected":false},"excerpt":{"rendered":"<p>Doriam Borges Editor Appris Descripci\u00f3n: Neste livro apresentamos um estudo sobre o medo do crime, interpretando-o como uma rea\u00e7\u00e3o emocional diante de um perigo real ou imagin\u00e1rio A abordagem empregada aqui entende que o perigo \u00e9 determinado por cren\u00e7as constru\u00eddas no decorrer de experi\u00eancias culturais e sociais Denominamos essas cren\u00e7as de &#8220;Cren\u00e7as de Perigo&#8221; Partimos da ideia de que essas cren\u00e7as s\u00e3o uma liga\u00e7\u00e3o entre a realidade e a imagina\u00e7\u00e3o,&hellip; <\/p>\n","protected":false},"author":3,"featured_media":7772,"comment_status":"open","ping_status":"closed","sticky":false,"template":"","format":"standard","meta":{"footnotes":""},"categories":[10,6,25],"tags":[],"class_list":["post-7771","post","type-post","status-publish","format-standard","has-post-thumbnail","hentry","category-crime-violencia-e-criminologia","category-livros","category-seguranca-publica-e-defesa"],"views":266,"_links":{"self":[{"href":"https:\/\/www.bibliotecadeseguranca.com.br\/fr\/wp-json\/wp\/v2\/posts\/7771","targetHints":{"allow":["GET"]}}],"collection":[{"href":"https:\/\/www.bibliotecadeseguranca.com.br\/fr\/wp-json\/wp\/v2\/posts"}],"about":[{"href":"https:\/\/www.bibliotecadeseguranca.com.br\/fr\/wp-json\/wp\/v2\/types\/post"}],"author":[{"embeddable":true,"href":"https:\/\/www.bibliotecadeseguranca.com.br\/fr\/wp-json\/wp\/v2\/users\/3"}],"replies":[{"embeddable":true,"href":"https:\/\/www.bibliotecadeseguranca.com.br\/fr\/wp-json\/wp\/v2\/comments?post=7771"}],"version-history":[{"count":3,"href":"https:\/\/www.bibliotecadeseguranca.com.br\/fr\/wp-json\/wp\/v2\/posts\/7771\/revisions"}],"predecessor-version":[{"id":9841,"href":"https:\/\/www.bibliotecadeseguranca.com.br\/fr\/wp-json\/wp\/v2\/posts\/7771\/revisions\/9841"}],"wp:featuredmedia":[{"embeddable":true,"href":"https:\/\/www.bibliotecadeseguranca.com.br\/fr\/wp-json\/wp\/v2\/media\/7772"}],"wp:attachment":[{"href":"https:\/\/www.bibliotecadeseguranca.com.br\/fr\/wp-json\/wp\/v2\/media?parent=7771"}],"wp:term":[{"taxonomy":"category","embeddable":true,"href":"https:\/\/www.bibliotecadeseguranca.com.br\/fr\/wp-json\/wp\/v2\/categories?post=7771"},{"taxonomy":"post_tag","embeddable":true,"href":"https:\/\/www.bibliotecadeseguranca.com.br\/fr\/wp-json\/wp\/v2\/tags?post=7771"}],"curies":[{"name":"wp","href":"https:\/\/api.w.org\/{rel}","templated":true}]}}