{"id":7756,"date":"2013-03-28T08:04:14","date_gmt":"2013-03-28T11:04:14","guid":{"rendered":"http:\/\/www.bibliotecadeseguranca.com.br\/fr\/?p=7756"},"modified":"2014-02-06T00:18:10","modified_gmt":"2014-02-06T03:18:10","slug":"administracao-de-conflitos-e-problemas-em-seguranca-privada","status":"publish","type":"post","link":"https:\/\/www.bibliotecadeseguranca.com.br\/fr\/livros\/administracao-de-conflitos-e-problemas-em-seguranca-privada\/","title":{"rendered":"Administra\u00e7\u00e3o de Conflitos e Problemas em Seguran\u00e7a Privada"},"content":{"rendered":"<p><strong><img loading=\"lazy\" decoding=\"async\" class=\"alignleft size-full wp-image-7757\" title=\"Administra\u00e7\u00e3o de Conflitos e Problemas em Seguran\u00e7a Privada\" alt=\"\" src=\"http:\/\/www.bibliotecadeseguranca.com.br\/fr\/wp-content\/uploads\/2013\/03\/administracao-de-conflitos-e-problemas-em-seguranca-privada.jpg\" width=\"145\" height=\"208\" srcset=\"https:\/\/www.bibliotecadeseguranca.com.br\/fr\/wp-content\/uploads\/2013\/03\/administracao-de-conflitos-e-problemas-em-seguranca-privada.jpg 145w, https:\/\/www.bibliotecadeseguranca.com.br\/fr\/wp-content\/uploads\/2013\/03\/administracao-de-conflitos-e-problemas-em-seguranca-privada-104x150.jpg 104w\" sizes=\"auto, (max-width: 145px) 100vw, 145px\" \/><span style=\"color: #003366;\">Jos\u00e9 Helder de Souza Andrade<\/span><\/strong><\/p>\n<p><span style=\"color: #003366;\"><strong>Editor Ci\u00eancia Moderna<\/strong><\/span><\/p>\n<p><span style=\"color: #003366;\"><strong>Descripci\u00f3n:<\/strong><\/span> Equil\u00edbrio emocional e qualidade comportamental s\u00e3o necessidades estrat\u00e9gicas em seguran\u00e7a privada. Neste segmento &#8220;\u00e9 necess\u00e1rio que saibamos transformar nosso est\u00f4mago em p\u00e2ntano, de tanto sapo que precisamos engolir&#8221;. N\u00f3s lidamos com gente, tratamos com pessoas e, relacionar-se com seres humanos, \u00e9 algo extremamente dif\u00edcil, complicado; entretanto, n\u00e3o podemos nos esquecer de que tamb\u00e9m somos seres humanos e, com toda a certeza, tamb\u00e9m dif\u00edceis e extremamente complicados. Aprendemos em seguran\u00e7a privada que Empatia &#8220;\u00e9 sentir o que se sentiria caso estivesse no lugar ou circunst\u00e2ncia experimentada por outra pessoa&#8221;; assim, quando nos colocamos no lugar dos outros, de alguma forma, temos mais chances de \u00eaxito no gerenciamento de crises. Vigiar \u00e9 se relacionar; relacionar-se \u00e9 um dom de Deus e precisa ser desenvolvido. Se n\u00f3s n\u00e3o nos relacionamos, nos isolamos e, consequentemente, nos tornamos vulner\u00e1veis. \u00c9 pertinente lembrar que Deus nunca nos dar\u00e1 um dom capaz de substitu\u00ed-lo. Este livro tem por objetivo ajud\u00e1-lo a entender que somos o que repetidamente fazemos; assim, o h\u00e1bito na ado\u00e7\u00e3o de medidas e atitudes preventivas ser\u00e1 fundamental para que voc\u00ea se torne um especialista em administra\u00e7\u00e3o de conflitos e problemas em seguran\u00e7a privada.<\/p>\n","protected":false},"excerpt":{"rendered":"<p>Jos\u00e9 Helder de Souza Andrade Editor Ci\u00eancia Moderna Descripci\u00f3n: Equil\u00edbrio emocional e qualidade comportamental s\u00e3o necessidades estrat\u00e9gicas em seguran\u00e7a privada. Neste segmento &#8220;\u00e9 necess\u00e1rio que saibamos transformar nosso est\u00f4mago em p\u00e2ntano, de tanto sapo que precisamos engolir&#8221;. N\u00f3s lidamos com gente, tratamos com pessoas e, relacionar-se com seres humanos, \u00e9 algo extremamente dif\u00edcil, complicado; entretanto, n\u00e3o podemos nos esquecer de que tamb\u00e9m somos seres humanos e, com toda a certeza,&hellip; <\/p>\n","protected":false},"author":3,"featured_media":7757,"comment_status":"open","ping_status":"closed","sticky":false,"template":"","format":"standard","meta":{"footnotes":""},"categories":[30,23,6],"tags":[],"class_list":["post-7756","post","type-post","status-publish","format-standard","has-post-thumbnail","hentry","category-espionagem-e-inteligencia-competitiva","category-gestao-da-seguranca-empresarial","category-livros"],"views":342,"_links":{"self":[{"href":"https:\/\/www.bibliotecadeseguranca.com.br\/fr\/wp-json\/wp\/v2\/posts\/7756","targetHints":{"allow":["GET"]}}],"collection":[{"href":"https:\/\/www.bibliotecadeseguranca.com.br\/fr\/wp-json\/wp\/v2\/posts"}],"about":[{"href":"https:\/\/www.bibliotecadeseguranca.com.br\/fr\/wp-json\/wp\/v2\/types\/post"}],"author":[{"embeddable":true,"href":"https:\/\/www.bibliotecadeseguranca.com.br\/fr\/wp-json\/wp\/v2\/users\/3"}],"replies":[{"embeddable":true,"href":"https:\/\/www.bibliotecadeseguranca.com.br\/fr\/wp-json\/wp\/v2\/comments?post=7756"}],"version-history":[{"count":3,"href":"https:\/\/www.bibliotecadeseguranca.com.br\/fr\/wp-json\/wp\/v2\/posts\/7756\/revisions"}],"predecessor-version":[{"id":9820,"href":"https:\/\/www.bibliotecadeseguranca.com.br\/fr\/wp-json\/wp\/v2\/posts\/7756\/revisions\/9820"}],"wp:featuredmedia":[{"embeddable":true,"href":"https:\/\/www.bibliotecadeseguranca.com.br\/fr\/wp-json\/wp\/v2\/media\/7757"}],"wp:attachment":[{"href":"https:\/\/www.bibliotecadeseguranca.com.br\/fr\/wp-json\/wp\/v2\/media?parent=7756"}],"wp:term":[{"taxonomy":"category","embeddable":true,"href":"https:\/\/www.bibliotecadeseguranca.com.br\/fr\/wp-json\/wp\/v2\/categories?post=7756"},{"taxonomy":"post_tag","embeddable":true,"href":"https:\/\/www.bibliotecadeseguranca.com.br\/fr\/wp-json\/wp\/v2\/tags?post=7756"}],"curies":[{"name":"wp","href":"https:\/\/api.w.org\/{rel}","templated":true}]}}