{"id":7748,"date":"2013-03-25T04:52:11","date_gmt":"2013-03-25T07:52:11","guid":{"rendered":"http:\/\/www.bibliotecadeseguranca.com.br\/fr\/?p=7748"},"modified":"2014-02-06T00:18:31","modified_gmt":"2014-02-06T03:18:31","slug":"questao-de-seguranca","status":"publish","type":"post","link":"https:\/\/www.bibliotecadeseguranca.com.br\/fr\/livros\/questao-de-seguranca\/","title":{"rendered":"Quest\u00e3o de Seguran\u00e7a"},"content":{"rendered":"<p><strong><img loading=\"lazy\" decoding=\"async\" class=\"alignleft size-full wp-image-7749\" title=\"Quest\u00e3o de Seguran\u00e7a\" alt=\"\" src=\"http:\/\/www.bibliotecadeseguranca.com.br\/fr\/wp-content\/uploads\/2013\/03\/questao-de-seguranca.jpg\" width=\"145\" height=\"198\" srcset=\"https:\/\/www.bibliotecadeseguranca.com.br\/fr\/wp-content\/uploads\/2013\/03\/questao-de-seguranca.jpg 145w, https:\/\/www.bibliotecadeseguranca.com.br\/fr\/wp-content\/uploads\/2013\/03\/questao-de-seguranca-109x150.jpg 109w\" sizes=\"auto, (max-width: 145px) 100vw, 145px\" \/><span style=\"color: #003366;\">C\u00e9sar Barreira<\/span><\/strong><\/p>\n<p><span style=\"color: #003366;\"><strong>Editor Relume Dumara<\/strong><\/span><\/p>\n<p><span style=\"color: #003366;\"><strong>Descripci\u00f3n:<\/strong><\/span> Em &#8220;Quest\u00e3o de Seguran\u00e7a&#8221;, as a\u00e7\u00f5es implementadas pelo governo do estado do Cear\u00e1, entre 1987 e 2002, s\u00e3o analisadas a partir de dois referenciais &#8211; o modelo externo de combate \u00e0 criminalidade adotado pelo Estado e a participa\u00e7\u00e3o de segmentos variados da popula\u00e7\u00e3o nesse combate. Os textos da colet\u00e2nea procuram compreender a maneira pela qual s\u00e3o concretizadas a\u00e7\u00f5es e servi\u00e7os na \u00e1rea de seguran\u00e7a p\u00fablica e a rela\u00e7\u00e3o direta entre pol\u00edcia e moradores de bairros.<\/p>\n","protected":false},"excerpt":{"rendered":"<p>C\u00e9sar Barreira Editor Relume Dumara Descripci\u00f3n: Em &#8220;Quest\u00e3o de Seguran\u00e7a&#8221;, as a\u00e7\u00f5es implementadas pelo governo do estado do Cear\u00e1, entre 1987 e 2002, s\u00e3o analisadas a partir de dois referenciais &#8211; o modelo externo de combate \u00e0 criminalidade adotado pelo Estado e a participa\u00e7\u00e3o de segmentos variados da popula\u00e7\u00e3o nesse combate. Os textos da colet\u00e2nea procuram compreender a maneira pela qual s\u00e3o concretizadas a\u00e7\u00f5es e servi\u00e7os na \u00e1rea de seguran\u00e7a&hellip; <\/p>\n","protected":false},"author":3,"featured_media":7749,"comment_status":"open","ping_status":"closed","sticky":false,"template":"","format":"standard","meta":{"footnotes":""},"categories":[6,25],"tags":[],"class_list":["post-7748","post","type-post","status-publish","format-standard","has-post-thumbnail","hentry","category-livros","category-seguranca-publica-e-defesa"],"views":386,"_links":{"self":[{"href":"https:\/\/www.bibliotecadeseguranca.com.br\/fr\/wp-json\/wp\/v2\/posts\/7748","targetHints":{"allow":["GET"]}}],"collection":[{"href":"https:\/\/www.bibliotecadeseguranca.com.br\/fr\/wp-json\/wp\/v2\/posts"}],"about":[{"href":"https:\/\/www.bibliotecadeseguranca.com.br\/fr\/wp-json\/wp\/v2\/types\/post"}],"author":[{"embeddable":true,"href":"https:\/\/www.bibliotecadeseguranca.com.br\/fr\/wp-json\/wp\/v2\/users\/3"}],"replies":[{"embeddable":true,"href":"https:\/\/www.bibliotecadeseguranca.com.br\/fr\/wp-json\/wp\/v2\/comments?post=7748"}],"version-history":[{"count":3,"href":"https:\/\/www.bibliotecadeseguranca.com.br\/fr\/wp-json\/wp\/v2\/posts\/7748\/revisions"}],"predecessor-version":[{"id":9814,"href":"https:\/\/www.bibliotecadeseguranca.com.br\/fr\/wp-json\/wp\/v2\/posts\/7748\/revisions\/9814"}],"wp:featuredmedia":[{"embeddable":true,"href":"https:\/\/www.bibliotecadeseguranca.com.br\/fr\/wp-json\/wp\/v2\/media\/7749"}],"wp:attachment":[{"href":"https:\/\/www.bibliotecadeseguranca.com.br\/fr\/wp-json\/wp\/v2\/media?parent=7748"}],"wp:term":[{"taxonomy":"category","embeddable":true,"href":"https:\/\/www.bibliotecadeseguranca.com.br\/fr\/wp-json\/wp\/v2\/categories?post=7748"},{"taxonomy":"post_tag","embeddable":true,"href":"https:\/\/www.bibliotecadeseguranca.com.br\/fr\/wp-json\/wp\/v2\/tags?post=7748"}],"curies":[{"name":"wp","href":"https:\/\/api.w.org\/{rel}","templated":true}]}}