{"id":7745,"date":"2013-03-25T04:51:12","date_gmt":"2013-03-25T07:51:12","guid":{"rendered":"http:\/\/www.bibliotecadeseguranca.com.br\/fr\/?p=7745"},"modified":"2014-02-06T00:18:36","modified_gmt":"2014-02-06T03:18:36","slug":"entre-palavras-e-numeros","status":"publish","type":"post","link":"https:\/\/www.bibliotecadeseguranca.com.br\/fr\/livros\/entre-palavras-e-numeros\/","title":{"rendered":"Entre Palavras e N\u00fameros"},"content":{"rendered":"<p><strong><img loading=\"lazy\" decoding=\"async\" class=\"alignleft size-full wp-image-7746\" title=\"Entre Palavras e N\u00fameros\" alt=\"\" src=\"http:\/\/www.bibliotecadeseguranca.com.br\/fr\/wp-content\/uploads\/2013\/03\/entre-palavras-e-numeros.jpg\" width=\"145\" height=\"216\" srcset=\"https:\/\/www.bibliotecadeseguranca.com.br\/fr\/wp-content\/uploads\/2013\/03\/entre-palavras-e-numeros.jpg 145w, https:\/\/www.bibliotecadeseguranca.com.br\/fr\/wp-content\/uploads\/2013\/03\/entre-palavras-e-numeros-100x150.jpg 100w\" sizes=\"auto, (max-width: 145px) 100vw, 145px\" \/><span style=\"color: #003366;\">Renato S\u00e9rgio de Lima<\/span><\/strong><\/p>\n<p><span style=\"color: #003366;\"><strong>Editor Alameda<\/strong><\/span><\/p>\n<p><span style=\"color: #003366;\"><strong>Descripci\u00f3n:<\/strong><\/span> Este livro re\u00fane resultados de pesquisas realizadas durante uma d\u00e9cada no campo da seguran\u00e7a p\u00fablica. Aborda distintos aspectos, tanto relacionados \u00e0 produ\u00e7\u00e3o de conhecimentos no dom\u00ednio das ci\u00eancias sociais quanto pertinentes \u00e0 formula\u00e7\u00e3o de tais pol\u00edticas, como tamb\u00e9m \u00e0 organiza\u00e7\u00e3o das ag\u00eancias que comp\u00f5em o sistema de justi\u00e7a criminal e \u00e0s estrat\u00e9gias dos operadores e gestores encarregados de aplicar lei e ordem. Sem abdicar do espa\u00e7o onde foi produzido &#8211; o espa\u00e7o acad\u00eamico &#8211; est\u00e1 escrito em linguagem que visa ser clara e direta, procurando atender tanto \u00e0s expectativas de pesquisadores quanto dos operadores t\u00e9cnicos da justi\u00e7a, bem como p\u00fablicos amplos, sequiosos por entender problemas relacionados ao controle do crime e da viol\u00eancia na sociedade brasileira contempor\u00e2nea. O foco central da obra repousa nas rela\u00e7\u00f5es entre conhecimento e suas implica\u00e7\u00f5es pr\u00e1ticas.<\/p>\n","protected":false},"excerpt":{"rendered":"<p>Renato S\u00e9rgio de Lima Editor Alameda Descripci\u00f3n: Este livro re\u00fane resultados de pesquisas realizadas durante uma d\u00e9cada no campo da seguran\u00e7a p\u00fablica. Aborda distintos aspectos, tanto relacionados \u00e0 produ\u00e7\u00e3o de conhecimentos no dom\u00ednio das ci\u00eancias sociais quanto pertinentes \u00e0 formula\u00e7\u00e3o de tais pol\u00edticas, como tamb\u00e9m \u00e0 organiza\u00e7\u00e3o das ag\u00eancias que comp\u00f5em o sistema de justi\u00e7a criminal e \u00e0s estrat\u00e9gias dos operadores e gestores encarregados de aplicar lei e ordem. Sem&hellip; <\/p>\n","protected":false},"author":3,"featured_media":7746,"comment_status":"open","ping_status":"closed","sticky":false,"template":"","format":"standard","meta":{"footnotes":""},"categories":[6,25],"tags":[],"class_list":["post-7745","post","type-post","status-publish","format-standard","has-post-thumbnail","hentry","category-livros","category-seguranca-publica-e-defesa"],"views":262,"_links":{"self":[{"href":"https:\/\/www.bibliotecadeseguranca.com.br\/fr\/wp-json\/wp\/v2\/posts\/7745","targetHints":{"allow":["GET"]}}],"collection":[{"href":"https:\/\/www.bibliotecadeseguranca.com.br\/fr\/wp-json\/wp\/v2\/posts"}],"about":[{"href":"https:\/\/www.bibliotecadeseguranca.com.br\/fr\/wp-json\/wp\/v2\/types\/post"}],"author":[{"embeddable":true,"href":"https:\/\/www.bibliotecadeseguranca.com.br\/fr\/wp-json\/wp\/v2\/users\/3"}],"replies":[{"embeddable":true,"href":"https:\/\/www.bibliotecadeseguranca.com.br\/fr\/wp-json\/wp\/v2\/comments?post=7745"}],"version-history":[{"count":3,"href":"https:\/\/www.bibliotecadeseguranca.com.br\/fr\/wp-json\/wp\/v2\/posts\/7745\/revisions"}],"predecessor-version":[{"id":9813,"href":"https:\/\/www.bibliotecadeseguranca.com.br\/fr\/wp-json\/wp\/v2\/posts\/7745\/revisions\/9813"}],"wp:featuredmedia":[{"embeddable":true,"href":"https:\/\/www.bibliotecadeseguranca.com.br\/fr\/wp-json\/wp\/v2\/media\/7746"}],"wp:attachment":[{"href":"https:\/\/www.bibliotecadeseguranca.com.br\/fr\/wp-json\/wp\/v2\/media?parent=7745"}],"wp:term":[{"taxonomy":"category","embeddable":true,"href":"https:\/\/www.bibliotecadeseguranca.com.br\/fr\/wp-json\/wp\/v2\/categories?post=7745"},{"taxonomy":"post_tag","embeddable":true,"href":"https:\/\/www.bibliotecadeseguranca.com.br\/fr\/wp-json\/wp\/v2\/tags?post=7745"}],"curies":[{"name":"wp","href":"https:\/\/api.w.org\/{rel}","templated":true}]}}