{"id":7730,"date":"2013-03-19T00:52:35","date_gmt":"2013-03-19T03:52:35","guid":{"rendered":"http:\/\/www.bibliotecadeseguranca.com.br\/fr\/?p=7730"},"modified":"2014-02-06T00:19:01","modified_gmt":"2014-02-06T03:19:01","slug":"fobopole","status":"publish","type":"post","link":"https:\/\/www.bibliotecadeseguranca.com.br\/fr\/livros\/fobopole\/","title":{"rendered":"Fob\u00f3pole"},"content":{"rendered":"<p><strong><img loading=\"lazy\" decoding=\"async\" class=\"alignleft size-full wp-image-7731\" title=\"Fob\u00f3pole\" alt=\"\" src=\"http:\/\/www.bibliotecadeseguranca.com.br\/fr\/wp-content\/uploads\/2013\/03\/fobopole.jpg\" width=\"145\" height=\"221\" srcset=\"https:\/\/www.bibliotecadeseguranca.com.br\/fr\/wp-content\/uploads\/2013\/03\/fobopole.jpg 145w, https:\/\/www.bibliotecadeseguranca.com.br\/fr\/wp-content\/uploads\/2013\/03\/fobopole-98x150.jpg 98w\" sizes=\"auto, (max-width: 145px) 100vw, 145px\" \/><span style=\"color: #003366;\">Marcelo Lopes de Sousa<\/span><\/strong><\/p>\n<p><span style=\"color: #003366;\"><strong>Editor Bertrand Brasil<\/strong><\/span><\/p>\n<p><span style=\"color: #003366;\"><strong>Descripci\u00f3n:<\/strong><\/span> Fob\u00f3pole \u00e9, dito grossamente, uma cidade dominada pelo medo da violencia. Mais e mais cidades est\u00e3o, na atual quadra da hist\u00f3ria, assumindo essa caracter\u00edstica. Em &#8220;Fob\u00f3pole &#8211; O medo generalizado e a militariza\u00e7\u00e3o da quest\u00e3o urbana&#8221;, Marcelo Lopes de Souza, doutor em Geografia e vencedor do Pr\u00eamio Jabuti, analisa a forma pela qual a problem\u00e1tica da (in)seguran\u00e7a p\u00fablica, tendo por pano de fundo o medo generalizado, vai se convertendo em um formid\u00e1vel fator de (re)estrutura\u00e7\u00e3o do espa\u00e7o e da vida urbanos.<\/p>\n","protected":false},"excerpt":{"rendered":"<p>Marcelo Lopes de Sousa Editor Bertrand Brasil Descripci\u00f3n: Fob\u00f3pole \u00e9, dito grossamente, uma cidade dominada pelo medo da violencia. Mais e mais cidades est\u00e3o, na atual quadra da hist\u00f3ria, assumindo essa caracter\u00edstica. Em &#8220;Fob\u00f3pole &#8211; O medo generalizado e a militariza\u00e7\u00e3o da quest\u00e3o urbana&#8221;, Marcelo Lopes de Souza, doutor em Geografia e vencedor do Pr\u00eamio Jabuti, analisa a forma pela qual a problem\u00e1tica da (in)seguran\u00e7a p\u00fablica, tendo por pano de&hellip; <\/p>\n","protected":false},"author":3,"featured_media":7731,"comment_status":"open","ping_status":"closed","sticky":false,"template":"","format":"standard","meta":{"footnotes":""},"categories":[10,6,25],"tags":[],"class_list":["post-7730","post","type-post","status-publish","format-standard","has-post-thumbnail","hentry","category-crime-violencia-e-criminologia","category-livros","category-seguranca-publica-e-defesa"],"views":253,"_links":{"self":[{"href":"https:\/\/www.bibliotecadeseguranca.com.br\/fr\/wp-json\/wp\/v2\/posts\/7730","targetHints":{"allow":["GET"]}}],"collection":[{"href":"https:\/\/www.bibliotecadeseguranca.com.br\/fr\/wp-json\/wp\/v2\/posts"}],"about":[{"href":"https:\/\/www.bibliotecadeseguranca.com.br\/fr\/wp-json\/wp\/v2\/types\/post"}],"author":[{"embeddable":true,"href":"https:\/\/www.bibliotecadeseguranca.com.br\/fr\/wp-json\/wp\/v2\/users\/3"}],"replies":[{"embeddable":true,"href":"https:\/\/www.bibliotecadeseguranca.com.br\/fr\/wp-json\/wp\/v2\/comments?post=7730"}],"version-history":[{"count":3,"href":"https:\/\/www.bibliotecadeseguranca.com.br\/fr\/wp-json\/wp\/v2\/posts\/7730\/revisions"}],"predecessor-version":[{"id":9808,"href":"https:\/\/www.bibliotecadeseguranca.com.br\/fr\/wp-json\/wp\/v2\/posts\/7730\/revisions\/9808"}],"wp:featuredmedia":[{"embeddable":true,"href":"https:\/\/www.bibliotecadeseguranca.com.br\/fr\/wp-json\/wp\/v2\/media\/7731"}],"wp:attachment":[{"href":"https:\/\/www.bibliotecadeseguranca.com.br\/fr\/wp-json\/wp\/v2\/media?parent=7730"}],"wp:term":[{"taxonomy":"category","embeddable":true,"href":"https:\/\/www.bibliotecadeseguranca.com.br\/fr\/wp-json\/wp\/v2\/categories?post=7730"},{"taxonomy":"post_tag","embeddable":true,"href":"https:\/\/www.bibliotecadeseguranca.com.br\/fr\/wp-json\/wp\/v2\/tags?post=7730"}],"curies":[{"name":"wp","href":"https:\/\/api.w.org\/{rel}","templated":true}]}}