{"id":7707,"date":"2013-03-14T00:01:12","date_gmt":"2013-03-14T03:01:12","guid":{"rendered":"http:\/\/www.bibliotecadeseguranca.com.br\/fr\/?p=7707"},"modified":"2014-08-21T18:42:15","modified_gmt":"2014-08-21T21:42:15","slug":"mapa-da-violencia-2013-mortes-matadas-por-armas-de-fogo","status":"publish","type":"post","link":"https:\/\/www.bibliotecadeseguranca.com.br\/fr\/livros\/mapa-da-violencia-2013-mortes-matadas-por-armas-de-fogo\/","title":{"rendered":"Mapa da Viol\u00eancia 2013 &#8211; Mortes Matadas por Armas de Fogo"},"content":{"rendered":"<p><strong><img loading=\"lazy\" decoding=\"async\" class=\"alignleft size-full wp-image-7708\" title=\"Mapa da Viol\u00eancia 2013 - Mortes Matadas por Armas de Fogo\" src=\"http:\/\/www.bibliotecadeseguranca.com.br\/fr\/wp-content\/uploads\/2013\/03\/mapa-da-violencia-2013-mortes-matadas-por-armas-de-fogo.jpg\" alt=\"\" width=\"145\" height=\"203\" srcset=\"https:\/\/www.bibliotecadeseguranca.com.br\/fr\/wp-content\/uploads\/2013\/03\/mapa-da-violencia-2013-mortes-matadas-por-armas-de-fogo.jpg 145w, https:\/\/www.bibliotecadeseguranca.com.br\/fr\/wp-content\/uploads\/2013\/03\/mapa-da-violencia-2013-mortes-matadas-por-armas-de-fogo-107x150.jpg 107w\" sizes=\"auto, (max-width: 145px) 100vw, 145px\" \/><span style=\"color: #003366;\">Julio Jacobo Wailselfisz<\/span><\/strong><\/p>\n<p><span style=\"color: #003366;\"><strong>Editor CEBELA<\/strong><\/span><\/p>\n<p><span style=\"color: #003366;\"><strong>Descripci\u00f3n:<\/strong><\/span> O estudo focaliza os \u00faltimos 30 anos de mortalidade por armas de fogo no Brasil. S\u00e3o homic\u00eddios, suic\u00eddios e acidentes, pela a\u00e7\u00e3o de armas de fogo. Verifica-se tamb\u00e9m, em diferentes cap\u00edtulos, a incid\u00eancia de fatores como o sexo, a ra\u00e7a\/cor e as idades das v\u00edtimas dessa mortalidade.<\/p>\n<p>Tamb\u00e9m s\u00e3o apontadas as caracter\u00edsticas da evolu\u00e7\u00e3o dos \u00f3bitos por armas de fogo nas 27 Unidades da Federa\u00e7\u00e3o, as 27 Capitais e nos munic\u00edpios com elevados n\u00edveis de mortalidade causada por armas de fogo. Em planilhas anexas, nesta p\u00e1gina, podem ser encontrados os dados de mortalidade por armas de fogo dos 5565 munic\u00edpios brasileiros.<\/p>\n<p><a title=\"Mapa da Viol\u00eancia 2013 - Mortes Matadas por Armas de Fogo\" href=\"http:\/\/www.mapadaviolencia.org.br\/mapa2013_armas.php\" target=\"_blank\"><img loading=\"lazy\" decoding=\"async\" class=\"alignleft size-full wp-image-11252\" src=\"http:\/\/www.bibliotecadeseguranca.com.br\/fr\/wp-content\/uploads\/2014\/08\/descargar.gif\" alt=\"Descargar\" width=\"93\" height=\"25\" \/><\/a><\/p>\n","protected":false},"excerpt":{"rendered":"<p>Julio Jacobo Wailselfisz Editor CEBELA Descripci\u00f3n: O estudo focaliza os \u00faltimos 30 anos de mortalidade por armas de fogo no Brasil. S\u00e3o homic\u00eddios, suic\u00eddios e acidentes, pela a\u00e7\u00e3o de armas de fogo. Verifica-se tamb\u00e9m, em diferentes cap\u00edtulos, a incid\u00eancia de fatores como o sexo, a ra\u00e7a\/cor e as idades das v\u00edtimas dessa mortalidade. Tamb\u00e9m s\u00e3o apontadas as caracter\u00edsticas da evolu\u00e7\u00e3o dos \u00f3bitos por armas de fogo nas 27 Unidades da&hellip; <\/p>\n","protected":false},"author":3,"featured_media":7708,"comment_status":"open","ping_status":"closed","sticky":false,"template":"","format":"standard","meta":{"footnotes":""},"categories":[10,6,25,112],"tags":[],"class_list":["post-7707","post","type-post","status-publish","format-standard","has-post-thumbnail","hentry","category-crime-violencia-e-criminologia","category-livros","category-seguranca-publica-e-defesa","category-download"],"views":290,"_links":{"self":[{"href":"https:\/\/www.bibliotecadeseguranca.com.br\/fr\/wp-json\/wp\/v2\/posts\/7707","targetHints":{"allow":["GET"]}}],"collection":[{"href":"https:\/\/www.bibliotecadeseguranca.com.br\/fr\/wp-json\/wp\/v2\/posts"}],"about":[{"href":"https:\/\/www.bibliotecadeseguranca.com.br\/fr\/wp-json\/wp\/v2\/types\/post"}],"author":[{"embeddable":true,"href":"https:\/\/www.bibliotecadeseguranca.com.br\/fr\/wp-json\/wp\/v2\/users\/3"}],"replies":[{"embeddable":true,"href":"https:\/\/www.bibliotecadeseguranca.com.br\/fr\/wp-json\/wp\/v2\/comments?post=7707"}],"version-history":[{"count":4,"href":"https:\/\/www.bibliotecadeseguranca.com.br\/fr\/wp-json\/wp\/v2\/posts\/7707\/revisions"}],"predecessor-version":[{"id":11270,"href":"https:\/\/www.bibliotecadeseguranca.com.br\/fr\/wp-json\/wp\/v2\/posts\/7707\/revisions\/11270"}],"wp:featuredmedia":[{"embeddable":true,"href":"https:\/\/www.bibliotecadeseguranca.com.br\/fr\/wp-json\/wp\/v2\/media\/7708"}],"wp:attachment":[{"href":"https:\/\/www.bibliotecadeseguranca.com.br\/fr\/wp-json\/wp\/v2\/media?parent=7707"}],"wp:term":[{"taxonomy":"category","embeddable":true,"href":"https:\/\/www.bibliotecadeseguranca.com.br\/fr\/wp-json\/wp\/v2\/categories?post=7707"},{"taxonomy":"post_tag","embeddable":true,"href":"https:\/\/www.bibliotecadeseguranca.com.br\/fr\/wp-json\/wp\/v2\/tags?post=7707"}],"curies":[{"name":"wp","href":"https:\/\/api.w.org\/{rel}","templated":true}]}}