{"id":7690,"date":"2013-03-09T00:03:33","date_gmt":"2013-03-09T03:03:33","guid":{"rendered":"http:\/\/www.bibliotecadeseguranca.com.br\/fr\/?p=7690"},"modified":"2014-02-06T00:20:27","modified_gmt":"2014-02-06T03:20:27","slug":"seguranca-publica-nas-grandes-cidades-brasileiras","status":"publish","type":"post","link":"https:\/\/www.bibliotecadeseguranca.com.br\/fr\/livros\/seguranca-publica-nas-grandes-cidades-brasileiras\/","title":{"rendered":"Seguran\u00e7a P\u00fablica nas Grandes Cidades Brasileiras"},"content":{"rendered":"<p><strong><img loading=\"lazy\" decoding=\"async\" class=\"alignleft size-full wp-image-7691\" title=\"Seguran\u00e7a P\u00fablica nas Grandes Cidades Brasileiras\" alt=\"\" src=\"http:\/\/www.bibliotecadeseguranca.com.br\/fr\/wp-content\/uploads\/2013\/03\/seguranca-publica-nas-grandes-cidades-brasileiras.jpg\" width=\"145\" height=\"218\" srcset=\"https:\/\/www.bibliotecadeseguranca.com.br\/fr\/wp-content\/uploads\/2013\/03\/seguranca-publica-nas-grandes-cidades-brasileiras.jpg 145w, https:\/\/www.bibliotecadeseguranca.com.br\/fr\/wp-content\/uploads\/2013\/03\/seguranca-publica-nas-grandes-cidades-brasileiras-99x150.jpg 99w\" sizes=\"auto, (max-width: 145px) 100vw, 145px\" \/><span style=\"color: #003366;\">Janio Vendramini<\/span><\/strong><\/p>\n<p><span style=\"color: #003366;\"><strong>Editor Navegar<\/strong><\/span><\/p>\n<p><span style=\"color: #003366;\"><strong>Descripci\u00f3n:<\/strong><\/span> Percebe-se que no Brasil a quest\u00e3o da viol\u00eancia e criminalidade h\u00e1 muito ultrapassaram os limites civilizados de uma sociedade. O modelo de seguran\u00e7a p\u00fablica adotado constitucionalmente tem exaurido suas m\u00e1ximas for\u00e7as. Este livro tem como premissa a proposta da inclus\u00e3o constitucional dos munic\u00edpios no sistema de preven\u00e7\u00e3o criminal e social e suplemento \u00e0s atividades de seguran\u00e7a do Estado. A ado\u00e7\u00e3o de pol\u00edticas p\u00fablicas transversais, interdisciplinares e multiagenciais, o tratamento das causas da inseguran\u00e7a social e novas formas de ocupa\u00e7\u00e3o territorial do espa\u00e7o urbano comp\u00f5em a g\u00eanese da obra. As mudan\u00e7as no cen\u00e1rio ca\u00f3tico das grandes cidades brasileiras dependem mais do abandono de concep\u00e7\u00f5es pol\u00edticas equivocadas e de nova postura e mentalidade dos \u00f3rg\u00e3os de seguran\u00e7a e munic\u00edpios, do que de altera\u00e7\u00f5es profundas na atual estrutura institucional. A mobiliza\u00e7\u00e3o de atores sociais em torno das pol\u00edticas locais de preven\u00e7\u00e3o, o fomento e legitima\u00e7\u00e3o do papel das Guardas Municipais e o fortalecimento das Pol\u00edcias Civil e Militar que atuam no munic\u00edpio constituem-se no combust\u00edvel que alimentar\u00e1 o processo de retomada da tranq\u00fcilidade p\u00fablica. A gest\u00e3o compartilhada da seguran\u00e7a e preven\u00e7\u00e3o \u00e9 um processo de responsabilidade da sociedade democr\u00e1tica e se imp\u00f5e como um caminho de reden\u00e7\u00e3o para os graves problemas da realidade contempor\u00e2nea. A cidadania que nasce do \u00e2mago do Estado Democr\u00e1tico de Direito ser\u00e1 resgatada a partir da extirpa\u00e7\u00e3o do medo, da garantia de direitos e liberdades e da defesa intransigente da vida.<\/p>\n","protected":false},"excerpt":{"rendered":"<p>Janio Vendramini Editor Navegar Descripci\u00f3n: Percebe-se que no Brasil a quest\u00e3o da viol\u00eancia e criminalidade h\u00e1 muito ultrapassaram os limites civilizados de uma sociedade. O modelo de seguran\u00e7a p\u00fablica adotado constitucionalmente tem exaurido suas m\u00e1ximas for\u00e7as. Este livro tem como premissa a proposta da inclus\u00e3o constitucional dos munic\u00edpios no sistema de preven\u00e7\u00e3o criminal e social e suplemento \u00e0s atividades de seguran\u00e7a do Estado. A ado\u00e7\u00e3o de pol\u00edticas p\u00fablicas transversais, interdisciplinares&hellip; <\/p>\n","protected":false},"author":3,"featured_media":7691,"comment_status":"open","ping_status":"closed","sticky":false,"template":"","format":"standard","meta":{"footnotes":""},"categories":[6,25],"tags":[],"class_list":["post-7690","post","type-post","status-publish","format-standard","has-post-thumbnail","hentry","category-livros","category-seguranca-publica-e-defesa"],"views":251,"_links":{"self":[{"href":"https:\/\/www.bibliotecadeseguranca.com.br\/fr\/wp-json\/wp\/v2\/posts\/7690","targetHints":{"allow":["GET"]}}],"collection":[{"href":"https:\/\/www.bibliotecadeseguranca.com.br\/fr\/wp-json\/wp\/v2\/posts"}],"about":[{"href":"https:\/\/www.bibliotecadeseguranca.com.br\/fr\/wp-json\/wp\/v2\/types\/post"}],"author":[{"embeddable":true,"href":"https:\/\/www.bibliotecadeseguranca.com.br\/fr\/wp-json\/wp\/v2\/users\/3"}],"replies":[{"embeddable":true,"href":"https:\/\/www.bibliotecadeseguranca.com.br\/fr\/wp-json\/wp\/v2\/comments?post=7690"}],"version-history":[{"count":3,"href":"https:\/\/www.bibliotecadeseguranca.com.br\/fr\/wp-json\/wp\/v2\/posts\/7690\/revisions"}],"predecessor-version":[{"id":9798,"href":"https:\/\/www.bibliotecadeseguranca.com.br\/fr\/wp-json\/wp\/v2\/posts\/7690\/revisions\/9798"}],"wp:featuredmedia":[{"embeddable":true,"href":"https:\/\/www.bibliotecadeseguranca.com.br\/fr\/wp-json\/wp\/v2\/media\/7691"}],"wp:attachment":[{"href":"https:\/\/www.bibliotecadeseguranca.com.br\/fr\/wp-json\/wp\/v2\/media?parent=7690"}],"wp:term":[{"taxonomy":"category","embeddable":true,"href":"https:\/\/www.bibliotecadeseguranca.com.br\/fr\/wp-json\/wp\/v2\/categories?post=7690"},{"taxonomy":"post_tag","embeddable":true,"href":"https:\/\/www.bibliotecadeseguranca.com.br\/fr\/wp-json\/wp\/v2\/tags?post=7690"}],"curies":[{"name":"wp","href":"https:\/\/api.w.org\/{rel}","templated":true}]}}