{"id":768,"date":"2012-06-10T19:43:43","date_gmt":"2012-06-10T19:43:43","guid":{"rendered":"http:\/\/www.bibliotecadeseguranca.com.br\/fr\/?p=768"},"modified":"2014-02-06T02:21:32","modified_gmt":"2014-02-06T05:21:32","slug":"cidade-de-muros-crime-segregacao-e-cidadania-em-sao-paulo","status":"publish","type":"post","link":"https:\/\/www.bibliotecadeseguranca.com.br\/fr\/livros\/cidade-de-muros-crime-segregacao-e-cidadania-em-sao-paulo\/","title":{"rendered":"Cidade de Muros: Crime, Segrega\u00e7\u00e3o e Cidadania em S\u00e3o Paulo"},"content":{"rendered":"<p><strong><img loading=\"lazy\" decoding=\"async\" class=\"alignleft size-full wp-image-769\" alt=\"\" src=\"http:\/\/www.bibliotecadeseguranca.com.br\/fr\/wp-content\/uploads\/2011\/02\/cidade-de-muros-crime-segregacao-e-cidadania-em-sao-paulo.jpg\" width=\"129\" height=\"189\" srcset=\"https:\/\/www.bibliotecadeseguranca.com.br\/fr\/wp-content\/uploads\/2011\/02\/cidade-de-muros-crime-segregacao-e-cidadania-em-sao-paulo.jpg 129w, https:\/\/www.bibliotecadeseguranca.com.br\/fr\/wp-content\/uploads\/2011\/02\/cidade-de-muros-crime-segregacao-e-cidadania-em-sao-paulo-102x150.jpg 102w\" sizes=\"auto, (max-width: 129px) 100vw, 129px\" \/><span style=\"color: #003366;\">Teresa Pires do Rio Caldeira<\/span><\/strong><\/p>\n<p><span style=\"color: #003366;\"><strong>Editor EDUSP<\/strong><\/span><\/p>\n<p style=\"text-align: justify;\"><span style=\"color: #003366;\"><strong>Descripci\u00f3n:<\/strong><\/span> Cidade de Muros analisa a maneira pela qual crime, medo e desrespeito aos direitos dos cidad\u00e3os associaram-se a transforma\u00e7\u00f5es urbanas de S\u00e3o Paulo, produzindo um novo padr\u00e3o de segrega\u00e7\u00e3o espacial durante as duas \u00faltimas d\u00e9cadas. Nos \u00faltimos anos, o aumento dram\u00e1tico da viol\u00eancia na cidade e o fracasso da pol\u00edcia e da justi\u00e7a em combat\u00ea-la tiveram s\u00e9rias consequ\u00eancias: a privatiza\u00e7\u00e3o da seguran\u00e7a, o apoio a a\u00e7\u00f5es ilegais e violentas da pol\u00edcia e a reclus\u00e3o de parte da sociedade em verdadeiros encraves fortificados. O resultado \u00e9 a fragmenta\u00e7\u00e3o do espa\u00e7o p\u00fablico, a valoriza\u00e7\u00e3o da desigualdade e o incentivo ao preconceito em rela\u00e7\u00e3o a certos grupos sociais. Fatores que, segundo a autora, representam os principais desafios \u00e0 consolida\u00e7\u00e3o da democracia e do estado de direito no Brasil.<\/p>\n","protected":false},"excerpt":{"rendered":"<p>Teresa Pires do Rio Caldeira Editor EDUSP Descripci\u00f3n: Cidade de Muros analisa a maneira pela qual crime, medo e desrespeito aos direitos dos cidad\u00e3os associaram-se a transforma\u00e7\u00f5es urbanas de S\u00e3o Paulo, produzindo um novo padr\u00e3o de segrega\u00e7\u00e3o espacial durante as duas \u00faltimas d\u00e9cadas. Nos \u00faltimos anos, o aumento dram\u00e1tico da viol\u00eancia na cidade e o fracasso da pol\u00edcia e da justi\u00e7a em combat\u00ea-la tiveram s\u00e9rias consequ\u00eancias: a privatiza\u00e7\u00e3o da seguran\u00e7a,&hellip; <\/p>\n","protected":false},"author":3,"featured_media":769,"comment_status":"open","ping_status":"closed","sticky":false,"template":"","format":"standard","meta":{"footnotes":""},"categories":[6,25],"tags":[],"class_list":["post-768","post","type-post","status-publish","format-standard","has-post-thumbnail","hentry","category-livros","category-seguranca-publica-e-defesa"],"views":255,"_links":{"self":[{"href":"https:\/\/www.bibliotecadeseguranca.com.br\/fr\/wp-json\/wp\/v2\/posts\/768","targetHints":{"allow":["GET"]}}],"collection":[{"href":"https:\/\/www.bibliotecadeseguranca.com.br\/fr\/wp-json\/wp\/v2\/posts"}],"about":[{"href":"https:\/\/www.bibliotecadeseguranca.com.br\/fr\/wp-json\/wp\/v2\/types\/post"}],"author":[{"embeddable":true,"href":"https:\/\/www.bibliotecadeseguranca.com.br\/fr\/wp-json\/wp\/v2\/users\/3"}],"replies":[{"embeddable":true,"href":"https:\/\/www.bibliotecadeseguranca.com.br\/fr\/wp-json\/wp\/v2\/comments?post=768"}],"version-history":[{"count":7,"href":"https:\/\/www.bibliotecadeseguranca.com.br\/fr\/wp-json\/wp\/v2\/posts\/768\/revisions"}],"predecessor-version":[{"id":9345,"href":"https:\/\/www.bibliotecadeseguranca.com.br\/fr\/wp-json\/wp\/v2\/posts\/768\/revisions\/9345"}],"wp:featuredmedia":[{"embeddable":true,"href":"https:\/\/www.bibliotecadeseguranca.com.br\/fr\/wp-json\/wp\/v2\/media\/769"}],"wp:attachment":[{"href":"https:\/\/www.bibliotecadeseguranca.com.br\/fr\/wp-json\/wp\/v2\/media?parent=768"}],"wp:term":[{"taxonomy":"category","embeddable":true,"href":"https:\/\/www.bibliotecadeseguranca.com.br\/fr\/wp-json\/wp\/v2\/categories?post=768"},{"taxonomy":"post_tag","embeddable":true,"href":"https:\/\/www.bibliotecadeseguranca.com.br\/fr\/wp-json\/wp\/v2\/tags?post=768"}],"curies":[{"name":"wp","href":"https:\/\/api.w.org\/{rel}","templated":true}]}}