{"id":7669,"date":"2013-03-04T14:40:12","date_gmt":"2013-03-04T17:40:12","guid":{"rendered":"http:\/\/www.bibliotecadeseguranca.com.br\/fr\/?p=7669"},"modified":"2014-08-21T18:42:30","modified_gmt":"2014-08-21T21:42:30","slug":"o-processo-de-producao-e-gestao-de-seguranca-patrimonial-de-edificios-residenciais-verticais-na-cidade-de-sao-paulo","status":"publish","type":"post","link":"https:\/\/www.bibliotecadeseguranca.com.br\/fr\/livros\/o-processo-de-producao-e-gestao-de-seguranca-patrimonial-de-edificios-residenciais-verticais-na-cidade-de-sao-paulo\/","title":{"rendered":"O Processo de Produ\u00e7\u00e3o e Gest\u00e3o de Seguran\u00e7a Patrimonial de Edificios Residenciais Verticais na Cidade de S\u00e3o Paulo"},"content":{"rendered":"<p><strong><img loading=\"lazy\" decoding=\"async\" class=\"alignleft size-full wp-image-7670\" title=\"Gest\u00e3o de Seguran\u00e7a Patrimonial de Edificios Residenciais Verticais na Cidade de S\u00e3o Paulo\" src=\"http:\/\/www.bibliotecadeseguranca.com.br\/fr\/wp-content\/uploads\/2013\/03\/gestao-de-seguranca-patrimonial-de-edificios-residenciais-verticais-na-cidade-de-sao-paulo.jpg\" alt=\"\" width=\"145\" height=\"206\" srcset=\"https:\/\/www.bibliotecadeseguranca.com.br\/fr\/wp-content\/uploads\/2013\/03\/gestao-de-seguranca-patrimonial-de-edificios-residenciais-verticais-na-cidade-de-sao-paulo.jpg 145w, https:\/\/www.bibliotecadeseguranca.com.br\/fr\/wp-content\/uploads\/2013\/03\/gestao-de-seguranca-patrimonial-de-edificios-residenciais-verticais-na-cidade-de-sao-paulo-105x150.jpg 105w\" sizes=\"auto, (max-width: 145px) 100vw, 145px\" \/><span style=\"color: #003366;\">Katia Beatris Rovaron Moreira<\/span><\/strong><\/p>\n<p><span style=\"color: #003366;\"><strong>Descripci\u00f3n:<\/strong><\/span> Este estudo tem como objetivo discutir o processo de produ\u00e7\u00e3o e gest\u00e3o da seguran\u00e7a patrimonial de edif\u00edcios residenciais verticais na cidade de S\u00e3o Paulo. Busca-se examinar, as causas da fragilidade da seguran\u00e7a neste tipo de condom\u00ednio. S\u00e3o analisadas as principais quest\u00f5es que est\u00e3o diretamente envolvidas com a seguran\u00e7a: a viol\u00eancia urbana; as caracter\u00edsticas de projeto dos edif\u00edcios e a implanta\u00e7\u00e3o no lote; o crescente individualismo e falta de conviv\u00eancia em comunidade; a aus\u00eancia de legisla\u00e7\u00e3o regulat\u00f3ria para a seguran\u00e7a patrimonial; a defici\u00eancia na aplica\u00e7\u00e3o de metodologias para os planos de seguran\u00e7a e a falta de aplica\u00e7\u00e3o de conceitos de seguran\u00e7a nos projetos arquitet\u00f4nicos. Para o desenvolvimento da tese, s\u00e3o pesquisados os fatores ligados \u00e0 viol\u00eancia urbana que desencadeiam a sensa\u00e7\u00e3o de inseguran\u00e7a nos habitantes e o hist\u00f3rico da legisla\u00e7\u00e3o edil\u00edcia e urbana de S\u00e3o Paulo, para analisar a rela\u00e7\u00e3o desta com as caracter\u00edsticas arquitet\u00f4nicas dos edif\u00edcios e com a forma\u00e7\u00e3o dos bairros inseguros. S\u00e3o realizadas pesquisas de campo, com o objetivo de compreender o ponto de vista dos moradores de condom\u00ednios em rela\u00e7\u00e3o \u00e0s medidas de seguran\u00e7a aplicadas nos edif\u00edcios. Al\u00e9m disso, entrevistas com os especialistas de seguran\u00e7a objetivaram verificar se h\u00e1 padroniza\u00e7\u00e3o na aplica\u00e7\u00e3o de metodologias e para descobrir quais s\u00e3o as dificuldades encontradas para a implementa\u00e7\u00e3o dos planos de seguran\u00e7a. Finalizando o processo de pesquisa de campo, s\u00e3o entrevistados arquitetos que elaboram projetos de edif\u00edcios residenciais, para avaliar o grau de envolvimento deles com as quest\u00f5es de seguran\u00e7a. Na sequ\u00eancia, \u00e9 explorada a conceitua\u00e7\u00e3o de espa\u00e7os seguros sugerida pelo CPTED (Crime Prevention Through Environmental Design ou Preven\u00e7\u00e3o do Crime Atrav\u00e9s do Desenho Urbano), como forma de demonstrar que os projetos de seguran\u00e7a devem ser integrados \u00e0 arquitetura n\u00e3o apenas por meio de medidas pontuais. Com o objetivo de analisar o desenvolvimento de planos de seguran\u00e7a em edif\u00edcios residenciais por meio de t\u00e9cnicas de avalia\u00e7\u00e3o de riscos, \u00e9 estudada a aplicabilidade das normas brasileiras que tratam do assunto.<\/p>\n<p><a title=\"O Processo de Produ\u00e7\u00e3o e Gest\u00e3o de Seguran\u00e7a Patrimonial de Edificios Residenciais Verticais na Cidade de S\u00e3o Paulo\" href=\"http:\/\/www.teses.usp.br\/teses\/disponiveis\/16\/16132\/tde-19022013-145659\/pt-br.php\" target=\"_blank\"><img loading=\"lazy\" decoding=\"async\" class=\"alignleft size-full wp-image-11252\" src=\"http:\/\/www.bibliotecadeseguranca.com.br\/fr\/wp-content\/uploads\/2014\/08\/descargar.gif\" alt=\"Descargar\" width=\"93\" height=\"25\" \/><\/a><\/p>\n","protected":false},"excerpt":{"rendered":"<p>Katia Beatris Rovaron Moreira Descripci\u00f3n: Este estudo tem como objetivo discutir o processo de produ\u00e7\u00e3o e gest\u00e3o da seguran\u00e7a patrimonial de edif\u00edcios residenciais verticais na cidade de S\u00e3o Paulo. Busca-se examinar, as causas da fragilidade da seguran\u00e7a neste tipo de condom\u00ednio. S\u00e3o analisadas as principais quest\u00f5es que est\u00e3o diretamente envolvidas com a seguran\u00e7a: a viol\u00eancia urbana; as caracter\u00edsticas de projeto dos edif\u00edcios e a implanta\u00e7\u00e3o no lote; o crescente individualismo&hellip; <\/p>\n","protected":false},"author":3,"featured_media":7670,"comment_status":"open","ping_status":"closed","sticky":false,"template":"","format":"standard","meta":{"footnotes":""},"categories":[92,23,6,22,112],"tags":[],"class_list":["post-7669","post","type-post","status-publish","format-standard","has-post-thumbnail","hentry","category-trabalho-academico","category-gestao-da-seguranca-empresarial","category-livros","category-seguranca-eletronica","category-download"],"views":309,"_links":{"self":[{"href":"https:\/\/www.bibliotecadeseguranca.com.br\/fr\/wp-json\/wp\/v2\/posts\/7669","targetHints":{"allow":["GET"]}}],"collection":[{"href":"https:\/\/www.bibliotecadeseguranca.com.br\/fr\/wp-json\/wp\/v2\/posts"}],"about":[{"href":"https:\/\/www.bibliotecadeseguranca.com.br\/fr\/wp-json\/wp\/v2\/types\/post"}],"author":[{"embeddable":true,"href":"https:\/\/www.bibliotecadeseguranca.com.br\/fr\/wp-json\/wp\/v2\/users\/3"}],"replies":[{"embeddable":true,"href":"https:\/\/www.bibliotecadeseguranca.com.br\/fr\/wp-json\/wp\/v2\/comments?post=7669"}],"version-history":[{"count":7,"href":"https:\/\/www.bibliotecadeseguranca.com.br\/fr\/wp-json\/wp\/v2\/posts\/7669\/revisions"}],"predecessor-version":[{"id":11272,"href":"https:\/\/www.bibliotecadeseguranca.com.br\/fr\/wp-json\/wp\/v2\/posts\/7669\/revisions\/11272"}],"wp:featuredmedia":[{"embeddable":true,"href":"https:\/\/www.bibliotecadeseguranca.com.br\/fr\/wp-json\/wp\/v2\/media\/7670"}],"wp:attachment":[{"href":"https:\/\/www.bibliotecadeseguranca.com.br\/fr\/wp-json\/wp\/v2\/media?parent=7669"}],"wp:term":[{"taxonomy":"category","embeddable":true,"href":"https:\/\/www.bibliotecadeseguranca.com.br\/fr\/wp-json\/wp\/v2\/categories?post=7669"},{"taxonomy":"post_tag","embeddable":true,"href":"https:\/\/www.bibliotecadeseguranca.com.br\/fr\/wp-json\/wp\/v2\/tags?post=7669"}],"curies":[{"name":"wp","href":"https:\/\/api.w.org\/{rel}","templated":true}]}}