{"id":7623,"date":"2013-02-21T04:24:22","date_gmt":"2013-02-21T07:24:22","guid":{"rendered":"http:\/\/www.bibliotecadeseguranca.com.br\/fr\/?p=7623"},"modified":"2014-11-11T19:59:22","modified_gmt":"2014-11-11T22:59:22","slug":"a-america-latina-e-sua-criminologia","status":"publish","type":"post","link":"https:\/\/www.bibliotecadeseguranca.com.br\/fr\/livros\/a-america-latina-e-sua-criminologia\/","title":{"rendered":"A Am\u00e9rica Latina e sua Criminologia"},"content":{"rendered":"<p><strong><img loading=\"lazy\" decoding=\"async\" class=\"alignleft size-full wp-image-7624\" title=\"A Am\u00e9rica Latina e sua Criminologia\" alt=\"\" src=\"http:\/\/www.bibliotecadeseguranca.com.br\/fr\/wp-content\/uploads\/2013\/02\/a-america-latina-e-sua-criminologia.jpg\" width=\"145\" height=\"215\" srcset=\"https:\/\/www.bibliotecadeseguranca.com.br\/fr\/wp-content\/uploads\/2013\/02\/a-america-latina-e-sua-criminologia.jpg 145w, https:\/\/www.bibliotecadeseguranca.com.br\/fr\/wp-content\/uploads\/2013\/02\/a-america-latina-e-sua-criminologia-101x150.jpg 101w\" sizes=\"auto, (max-width: 145px) 100vw, 145px\" \/><span style=\"color: #003366;\">Rosa Del Olmo<\/span><\/strong><\/p>\n<p><span style=\"color: #003366;\"><strong>Editor Revan<\/strong><\/span><\/p>\n<p><span style=\"color: #003366;\"><strong>Descripci\u00f3n:<\/strong><\/span> Em A Am\u00e9rica Latina e sua Criminologia, a autora focaliza a Am\u00e9rica Latina e n\u00e3o a criminologia. O livro traz \u00e0 tona as resist\u00eancias intelectuais escondidas no turbilh\u00e3o do colonialismo intelectual, al\u00e9m de evocar a resist\u00eancia, sugerindo que olhemos para n\u00f3s mesmos e esque\u00e7amos um pouco Nova Iorque.<\/p>\n","protected":false},"excerpt":{"rendered":"<p>Rosa Del Olmo Editor Revan Descripci\u00f3n: Em A Am\u00e9rica Latina e sua Criminologia, a autora focaliza a Am\u00e9rica Latina e n\u00e3o a criminologia. O livro traz \u00e0 tona as resist\u00eancias intelectuais escondidas no turbilh\u00e3o do colonialismo intelectual, al\u00e9m de evocar a resist\u00eancia, sugerindo que olhemos para n\u00f3s mesmos e esque\u00e7amos um pouco Nova Iorque.<\/p>\n","protected":false},"author":3,"featured_media":7624,"comment_status":"open","ping_status":"closed","sticky":false,"template":"","format":"standard","meta":{"footnotes":""},"categories":[10,6],"tags":[],"class_list":["post-7623","post","type-post","status-publish","format-standard","has-post-thumbnail","hentry","category-crime-violencia-e-criminologia","category-livros"],"views":624,"_links":{"self":[{"href":"https:\/\/www.bibliotecadeseguranca.com.br\/fr\/wp-json\/wp\/v2\/posts\/7623","targetHints":{"allow":["GET"]}}],"collection":[{"href":"https:\/\/www.bibliotecadeseguranca.com.br\/fr\/wp-json\/wp\/v2\/posts"}],"about":[{"href":"https:\/\/www.bibliotecadeseguranca.com.br\/fr\/wp-json\/wp\/v2\/types\/post"}],"author":[{"embeddable":true,"href":"https:\/\/www.bibliotecadeseguranca.com.br\/fr\/wp-json\/wp\/v2\/users\/3"}],"replies":[{"embeddable":true,"href":"https:\/\/www.bibliotecadeseguranca.com.br\/fr\/wp-json\/wp\/v2\/comments?post=7623"}],"version-history":[{"count":3,"href":"https:\/\/www.bibliotecadeseguranca.com.br\/fr\/wp-json\/wp\/v2\/posts\/7623\/revisions"}],"predecessor-version":[{"id":9760,"href":"https:\/\/www.bibliotecadeseguranca.com.br\/fr\/wp-json\/wp\/v2\/posts\/7623\/revisions\/9760"}],"wp:featuredmedia":[{"embeddable":true,"href":"https:\/\/www.bibliotecadeseguranca.com.br\/fr\/wp-json\/wp\/v2\/media\/7624"}],"wp:attachment":[{"href":"https:\/\/www.bibliotecadeseguranca.com.br\/fr\/wp-json\/wp\/v2\/media?parent=7623"}],"wp:term":[{"taxonomy":"category","embeddable":true,"href":"https:\/\/www.bibliotecadeseguranca.com.br\/fr\/wp-json\/wp\/v2\/categories?post=7623"},{"taxonomy":"post_tag","embeddable":true,"href":"https:\/\/www.bibliotecadeseguranca.com.br\/fr\/wp-json\/wp\/v2\/tags?post=7623"}],"curies":[{"name":"wp","href":"https:\/\/api.w.org\/{rel}","templated":true}]}}