{"id":753,"date":"2012-06-10T19:39:18","date_gmt":"2012-06-10T19:39:18","guid":{"rendered":"http:\/\/www.bibliotecadeseguranca.com.br\/fr\/?p=753"},"modified":"2014-02-06T02:21:56","modified_gmt":"2014-02-06T05:21:56","slug":"policias-e-sociedades-na-europa","status":"publish","type":"post","link":"https:\/\/www.bibliotecadeseguranca.com.br\/fr\/livros\/policias-e-sociedades-na-europa\/","title":{"rendered":"Pol\u00edcias e Sociedades na Europa"},"content":{"rendered":"<p><strong><img loading=\"lazy\" decoding=\"async\" class=\"alignleft size-full wp-image-754\" alt=\"\" src=\"http:\/\/www.bibliotecadeseguranca.com.br\/fr\/wp-content\/uploads\/2011\/02\/policias-e-sociedades-na-europa.jpg\" width=\"142\" height=\"188\" srcset=\"https:\/\/www.bibliotecadeseguranca.com.br\/fr\/wp-content\/uploads\/2011\/02\/policias-e-sociedades-na-europa.jpg 142w, https:\/\/www.bibliotecadeseguranca.com.br\/fr\/wp-content\/uploads\/2011\/02\/policias-e-sociedades-na-europa-113x150.jpg 113w\" sizes=\"auto, (max-width: 142px) 100vw, 142px\" \/><span style=\"color: #003366;\">Jean-Claude Monet &#8211; Tradu\u00e7\u00e3o Mary Amazonas Leite de Barros<\/span><\/strong><\/p>\n<p><span style=\"color: #003366;\"><strong>Editor EDUSP<\/strong><\/span><\/p>\n<p style=\"text-align: justify;\"><span style=\"color: #003366;\"><strong>Descripci\u00f3n: <\/strong><\/span>A especializa\u00e7\u00e3o e a profissionaliza\u00e7\u00e3o s\u00e3o os principais desafios colocados para as pol\u00edcias no s\u00e9culo XXI. No terceiro volume da s\u00e9rie Pol\u00edcia e Sociedade, o autor, um dos mais eminentes especialistas europeus de seguran\u00e7a p\u00fablica, faz um breve hist\u00f3rico da origem das pol\u00edcias modernas para, em seguida, apresentar um quadro detalhado dos modelos institucionais e do funcionamento cotidiano das pol\u00edcias da Europa que enfrentam desafios semelhantes aqueles colocados para as pol\u00edcias no Brasil. Entre eles, a crise de legitimidade, a seguran\u00e7a do cidad\u00e3o, o crime organizado e o terrorismo. Nas palavras de Paulo S\u00e9rgio Pinheiro o livro \u201c\u00e9 uma contribui\u00e7\u00e3o not\u00e1vel para policiais, operadores do direito e estudiosos repensarem a pol\u00edcia no contexto de consolida\u00e7\u00e3o democr\u00e1tica no continente latino-americano\u201d.<\/p>\n","protected":false},"excerpt":{"rendered":"<p>Jean-Claude Monet &#8211; Tradu\u00e7\u00e3o Mary Amazonas Leite de Barros Editor EDUSP Descripci\u00f3n: A especializa\u00e7\u00e3o e a profissionaliza\u00e7\u00e3o s\u00e3o os principais desafios colocados para as pol\u00edcias no s\u00e9culo XXI. No terceiro volume da s\u00e9rie Pol\u00edcia e Sociedade, o autor, um dos mais eminentes especialistas europeus de seguran\u00e7a p\u00fablica, faz um breve hist\u00f3rico da origem das pol\u00edcias modernas para, em seguida, apresentar um quadro detalhado dos modelos institucionais e do funcionamento cotidiano&hellip; <\/p>\n","protected":false},"author":3,"featured_media":754,"comment_status":"open","ping_status":"closed","sticky":false,"template":"","format":"standard","meta":{"footnotes":""},"categories":[6,25],"tags":[],"class_list":["post-753","post","type-post","status-publish","format-standard","has-post-thumbnail","hentry","category-livros","category-seguranca-publica-e-defesa"],"views":286,"_links":{"self":[{"href":"https:\/\/www.bibliotecadeseguranca.com.br\/fr\/wp-json\/wp\/v2\/posts\/753","targetHints":{"allow":["GET"]}}],"collection":[{"href":"https:\/\/www.bibliotecadeseguranca.com.br\/fr\/wp-json\/wp\/v2\/posts"}],"about":[{"href":"https:\/\/www.bibliotecadeseguranca.com.br\/fr\/wp-json\/wp\/v2\/types\/post"}],"author":[{"embeddable":true,"href":"https:\/\/www.bibliotecadeseguranca.com.br\/fr\/wp-json\/wp\/v2\/users\/3"}],"replies":[{"embeddable":true,"href":"https:\/\/www.bibliotecadeseguranca.com.br\/fr\/wp-json\/wp\/v2\/comments?post=753"}],"version-history":[{"count":7,"href":"https:\/\/www.bibliotecadeseguranca.com.br\/fr\/wp-json\/wp\/v2\/posts\/753\/revisions"}],"predecessor-version":[{"id":9340,"href":"https:\/\/www.bibliotecadeseguranca.com.br\/fr\/wp-json\/wp\/v2\/posts\/753\/revisions\/9340"}],"wp:featuredmedia":[{"embeddable":true,"href":"https:\/\/www.bibliotecadeseguranca.com.br\/fr\/wp-json\/wp\/v2\/media\/754"}],"wp:attachment":[{"href":"https:\/\/www.bibliotecadeseguranca.com.br\/fr\/wp-json\/wp\/v2\/media?parent=753"}],"wp:term":[{"taxonomy":"category","embeddable":true,"href":"https:\/\/www.bibliotecadeseguranca.com.br\/fr\/wp-json\/wp\/v2\/categories?post=753"},{"taxonomy":"post_tag","embeddable":true,"href":"https:\/\/www.bibliotecadeseguranca.com.br\/fr\/wp-json\/wp\/v2\/tags?post=753"}],"curies":[{"name":"wp","href":"https:\/\/api.w.org\/{rel}","templated":true}]}}