{"id":747,"date":"2012-06-10T19:37:05","date_gmt":"2012-06-10T19:37:05","guid":{"rendered":"http:\/\/www.bibliotecadeseguranca.com.br\/fr\/?p=747"},"modified":"2014-02-06T02:25:26","modified_gmt":"2014-02-06T05:25:26","slug":"pobreza-cidadania-e-seguranca","status":"publish","type":"post","link":"https:\/\/www.bibliotecadeseguranca.com.br\/fr\/livros\/pobreza-cidadania-e-seguranca\/","title":{"rendered":"Pobreza, Cidadania e Seguran\u00e7a"},"content":{"rendered":"<p><strong><img loading=\"lazy\" decoding=\"async\" class=\"alignleft size-full wp-image-748\" alt=\"\" src=\"http:\/\/www.bibliotecadeseguranca.com.br\/fr\/wp-content\/uploads\/2011\/02\/pobreza-cidadania-e-seguranca.jpg\" width=\"133\" height=\"189\" srcset=\"https:\/\/www.bibliotecadeseguranca.com.br\/fr\/wp-content\/uploads\/2011\/02\/pobreza-cidadania-e-seguranca.jpg 133w, https:\/\/www.bibliotecadeseguranca.com.br\/fr\/wp-content\/uploads\/2011\/02\/pobreza-cidadania-e-seguranca-105x150.jpg 105w\" sizes=\"auto, (max-width: 133px) 100vw, 133px\" \/><span style=\"color: #003366;\">Roberto Cavalcanti de Albuquerque e Jo\u00e3o Paulo dos Reis Velloso<\/span><\/strong><\/p>\n<p><span style=\"color: #003366;\"><strong>Editor Jos\u00e9 Olympio<\/strong><\/span><\/p>\n<p style=\"text-align: justify;\"><span style=\"color: #003366;\"><strong>Descripci\u00f3n: <\/strong><\/span>Conjunto de estudos e coment\u00e1rios sobre o combate \u00e0 pobreza e as pol\u00edticas de seguran\u00e7a p\u00fablica apresentados em sess\u00e3o extraordin\u00e1ria do F\u00f3rum Nacional em 1999, no Rio de Janeiro. O volume apresenta propostas de pol\u00edticos como Antonio Carlos Magalh\u00e3es e Cristovam Buarque, entre outros.<\/p>\n","protected":false},"excerpt":{"rendered":"<p>Roberto Cavalcanti de Albuquerque e Jo\u00e3o Paulo dos Reis Velloso Editor Jos\u00e9 Olympio Descripci\u00f3n: Conjunto de estudos e coment\u00e1rios sobre o combate \u00e0 pobreza e as pol\u00edticas de seguran\u00e7a p\u00fablica apresentados em sess\u00e3o extraordin\u00e1ria do F\u00f3rum Nacional em 1999, no Rio de Janeiro. O volume apresenta propostas de pol\u00edticos como Antonio Carlos Magalh\u00e3es e Cristovam Buarque, entre outros.<\/p>\n","protected":false},"author":3,"featured_media":748,"comment_status":"open","ping_status":"closed","sticky":false,"template":"","format":"standard","meta":{"footnotes":""},"categories":[6,25],"tags":[],"class_list":["post-747","post","type-post","status-publish","format-standard","has-post-thumbnail","hentry","category-livros","category-seguranca-publica-e-defesa"],"views":396,"_links":{"self":[{"href":"https:\/\/www.bibliotecadeseguranca.com.br\/fr\/wp-json\/wp\/v2\/posts\/747","targetHints":{"allow":["GET"]}}],"collection":[{"href":"https:\/\/www.bibliotecadeseguranca.com.br\/fr\/wp-json\/wp\/v2\/posts"}],"about":[{"href":"https:\/\/www.bibliotecadeseguranca.com.br\/fr\/wp-json\/wp\/v2\/types\/post"}],"author":[{"embeddable":true,"href":"https:\/\/www.bibliotecadeseguranca.com.br\/fr\/wp-json\/wp\/v2\/users\/3"}],"replies":[{"embeddable":true,"href":"https:\/\/www.bibliotecadeseguranca.com.br\/fr\/wp-json\/wp\/v2\/comments?post=747"}],"version-history":[{"count":7,"href":"https:\/\/www.bibliotecadeseguranca.com.br\/fr\/wp-json\/wp\/v2\/posts\/747\/revisions"}],"predecessor-version":[{"id":9338,"href":"https:\/\/www.bibliotecadeseguranca.com.br\/fr\/wp-json\/wp\/v2\/posts\/747\/revisions\/9338"}],"wp:featuredmedia":[{"embeddable":true,"href":"https:\/\/www.bibliotecadeseguranca.com.br\/fr\/wp-json\/wp\/v2\/media\/748"}],"wp:attachment":[{"href":"https:\/\/www.bibliotecadeseguranca.com.br\/fr\/wp-json\/wp\/v2\/media?parent=747"}],"wp:term":[{"taxonomy":"category","embeddable":true,"href":"https:\/\/www.bibliotecadeseguranca.com.br\/fr\/wp-json\/wp\/v2\/categories?post=747"},{"taxonomy":"post_tag","embeddable":true,"href":"https:\/\/www.bibliotecadeseguranca.com.br\/fr\/wp-json\/wp\/v2\/tags?post=747"}],"curies":[{"name":"wp","href":"https:\/\/api.w.org\/{rel}","templated":true}]}}