{"id":7461,"date":"2013-02-12T11:42:09","date_gmt":"2013-02-12T11:42:09","guid":{"rendered":"http:\/\/www.bibliotecadeseguranca.com.br\/fr\/?p=7461"},"modified":"2014-02-06T00:29:59","modified_gmt":"2014-02-06T03:29:59","slug":"o-mercado-da-seguranca-privada-no-brasil","status":"publish","type":"post","link":"https:\/\/www.bibliotecadeseguranca.com.br\/fr\/livros\/o-mercado-da-seguranca-privada-no-brasil\/","title":{"rendered":"O Mercado da Seguran\u00e7a Privada no Brasil"},"content":{"rendered":"<p><strong><img loading=\"lazy\" decoding=\"async\" class=\"alignleft size-full wp-image-7471\" title=\"O Mercado da Seguran\u00e7a Privada no Brasil\" alt=\"\" src=\"http:\/\/www.bibliotecadeseguranca.com.br\/fr\/wp-content\/uploads\/2013\/02\/o-mercado-da-seguranca-privada-no-brasil.jpg\" width=\"140\" height=\"211\" srcset=\"https:\/\/www.bibliotecadeseguranca.com.br\/fr\/wp-content\/uploads\/2013\/02\/o-mercado-da-seguranca-privada-no-brasil.jpg 140w, https:\/\/www.bibliotecadeseguranca.com.br\/fr\/wp-content\/uploads\/2013\/02\/o-mercado-da-seguranca-privada-no-brasil-99x150.jpg 99w\" sizes=\"auto, (max-width: 140px) 100vw, 140px\" \/><span style=\"color: #003366;\">Fl\u00e1vio Vilar<\/span><\/strong><\/p>\n<p><span style=\"color: #003366;\"><strong>Editor Sicurezza<\/strong><\/span><\/p>\n<p><span style=\"color: #003366;\"><strong>Descripci\u00f3n:<\/strong><\/span> Esta colet\u00e2nea aborda o fen\u00f4meno da seguran\u00e7a privada. O t\u00edtulo &#8211; &#8220;O Mercado da Seguran\u00e7a Privada no Brasil&#8221; &#8211; sugere a mercantiliza\u00e7\u00e3o da seguran\u00e7a, um bem que a primeira filosofia pol\u00edtica moderna considerou a raz\u00e3o da constitui\u00e7\u00e3o do Estado e que foi depois pensado por Max Weber como o meio espec\u00edfico para definir o Estado Moderno &#8211; o monop\u00f3lio da viol\u00eancia leg\u00edtima em um determinado territ\u00f3rio. O livro, com onze artigos, encontra-se dividido em tr\u00eas partes &#8211; aspectos conceituais; aspectos pol\u00edtico-regulat\u00f3rios e situa\u00e7\u00e3o da for\u00e7a de trabalho. Apresenta o mercado da seguran\u00e7a privada, seus antecedentes conceituais e hist\u00f3ricos, o seu funcionamento e as suas perspectivas no pa\u00eds. Aborda tamb\u00e9m quest\u00f5es mais espec\u00edficas como o processo de regulamenta\u00e7\u00e3o, da fiscaliza\u00e7\u00e3o e do controle dos servi\u00e7os.<\/p>\n","protected":false},"excerpt":{"rendered":"<p>Fl\u00e1vio Vilar Editor Sicurezza Descripci\u00f3n: Esta colet\u00e2nea aborda o fen\u00f4meno da seguran\u00e7a privada. O t\u00edtulo &#8211; &#8220;O Mercado da Seguran\u00e7a Privada no Brasil&#8221; &#8211; sugere a mercantiliza\u00e7\u00e3o da seguran\u00e7a, um bem que a primeira filosofia pol\u00edtica moderna considerou a raz\u00e3o da constitui\u00e7\u00e3o do Estado e que foi depois pensado por Max Weber como o meio espec\u00edfico para definir o Estado Moderno &#8211; o monop\u00f3lio da viol\u00eancia leg\u00edtima em um determinado&hellip; <\/p>\n","protected":false},"author":3,"featured_media":7471,"comment_status":"open","ping_status":"closed","sticky":false,"template":"","format":"standard","meta":{"footnotes":""},"categories":[23,6,25],"tags":[],"class_list":["post-7461","post","type-post","status-publish","format-standard","has-post-thumbnail","hentry","category-gestao-da-seguranca-empresarial","category-livros","category-seguranca-publica-e-defesa"],"views":274,"_links":{"self":[{"href":"https:\/\/www.bibliotecadeseguranca.com.br\/fr\/wp-json\/wp\/v2\/posts\/7461","targetHints":{"allow":["GET"]}}],"collection":[{"href":"https:\/\/www.bibliotecadeseguranca.com.br\/fr\/wp-json\/wp\/v2\/posts"}],"about":[{"href":"https:\/\/www.bibliotecadeseguranca.com.br\/fr\/wp-json\/wp\/v2\/types\/post"}],"author":[{"embeddable":true,"href":"https:\/\/www.bibliotecadeseguranca.com.br\/fr\/wp-json\/wp\/v2\/users\/3"}],"replies":[{"embeddable":true,"href":"https:\/\/www.bibliotecadeseguranca.com.br\/fr\/wp-json\/wp\/v2\/comments?post=7461"}],"version-history":[{"count":3,"href":"https:\/\/www.bibliotecadeseguranca.com.br\/fr\/wp-json\/wp\/v2\/posts\/7461\/revisions"}],"predecessor-version":[{"id":9750,"href":"https:\/\/www.bibliotecadeseguranca.com.br\/fr\/wp-json\/wp\/v2\/posts\/7461\/revisions\/9750"}],"wp:featuredmedia":[{"embeddable":true,"href":"https:\/\/www.bibliotecadeseguranca.com.br\/fr\/wp-json\/wp\/v2\/media\/7471"}],"wp:attachment":[{"href":"https:\/\/www.bibliotecadeseguranca.com.br\/fr\/wp-json\/wp\/v2\/media?parent=7461"}],"wp:term":[{"taxonomy":"category","embeddable":true,"href":"https:\/\/www.bibliotecadeseguranca.com.br\/fr\/wp-json\/wp\/v2\/categories?post=7461"},{"taxonomy":"post_tag","embeddable":true,"href":"https:\/\/www.bibliotecadeseguranca.com.br\/fr\/wp-json\/wp\/v2\/tags?post=7461"}],"curies":[{"name":"wp","href":"https:\/\/api.w.org\/{rel}","templated":true}]}}