{"id":734,"date":"2012-06-10T19:31:27","date_gmt":"2012-06-10T19:31:27","guid":{"rendered":"http:\/\/www.bibliotecadeseguranca.com.br\/fr\/?p=734"},"modified":"2014-02-06T02:25:32","modified_gmt":"2014-02-06T05:25:32","slug":"a-violencia-multifacetada-estudos-sobre-a-violencia-e-a-seguranca-publica","status":"publish","type":"post","link":"https:\/\/www.bibliotecadeseguranca.com.br\/fr\/livros\/a-violencia-multifacetada-estudos-sobre-a-violencia-e-a-seguranca-publica\/","title":{"rendered":"A Viol\u00eancia Multifacetada &#8211; Estudos Sobre a Viol\u00eancia e a Seguran\u00e7a P\u00fablica"},"content":{"rendered":"<p><strong><img loading=\"lazy\" decoding=\"async\" class=\"alignleft size-full wp-image-735\" alt=\"\" src=\"http:\/\/www.bibliotecadeseguranca.com.br\/fr\/wp-content\/uploads\/2011\/02\/a-violencia-multifacetada-estudos-sobre-a-violencia-e-a-seguranca-publica.jpg\" width=\"132\" height=\"187\" srcset=\"https:\/\/www.bibliotecadeseguranca.com.br\/fr\/wp-content\/uploads\/2011\/02\/a-violencia-multifacetada-estudos-sobre-a-violencia-e-a-seguranca-publica.jpg 132w, https:\/\/www.bibliotecadeseguranca.com.br\/fr\/wp-content\/uploads\/2011\/02\/a-violencia-multifacetada-estudos-sobre-a-violencia-e-a-seguranca-publica-10a-violencia-multifacetada-estudos-sobre-a-violencia-e-a-seguranca-publicax1a-violencia-multifacetada-estudos-sobre-a-violencia-e-a-seguranca-publica0.jpg 105w\" sizes=\"auto, (max-width: 132px) 100vw, 132px\" \/><span style=\"color: #003366;\">C\u00e9sar Barros Leal e Heitor Piedade J\u00fanior<\/span><\/strong><\/p>\n<p><span style=\"color: #003366;\"><strong>Editor Del Rey<\/strong><\/span><\/p>\n<p style=\"text-align: justify;\"><span style=\"color: #003366;\"><strong>Descripci\u00f3n: <\/strong><\/span>Este livro d\u00e1 sequ\u00eancia \u00e0 obra Viol\u00eancia e Vitimiza\u00e7\u00e3o: A Face Sombria do Cotidiano, publicado em 2001. Os autores entendem que a sociedade civil, v\u00edtima da viol\u00eancia crescente, deve exercer papel decisivo na busca de um novo modelo de seguran\u00e7a p\u00fablica, e que este, por sua vez, h\u00e1 de ter no homem e no respeito a seus direitos fundamentais o centro de suas preocupa\u00e7\u00f5es.<\/p>\n","protected":false},"excerpt":{"rendered":"<p>C\u00e9sar Barros Leal e Heitor Piedade J\u00fanior Editor Del Rey Descripci\u00f3n: Este livro d\u00e1 sequ\u00eancia \u00e0 obra Viol\u00eancia e Vitimiza\u00e7\u00e3o: A Face Sombria do Cotidiano, publicado em 2001. Os autores entendem que a sociedade civil, v\u00edtima da viol\u00eancia crescente, deve exercer papel decisivo na busca de um novo modelo de seguran\u00e7a p\u00fablica, e que este, por sua vez, h\u00e1 de ter no homem e no respeito a seus direitos fundamentais&hellip; <\/p>\n","protected":false},"author":3,"featured_media":735,"comment_status":"open","ping_status":"closed","sticky":false,"template":"","format":"standard","meta":{"footnotes":""},"categories":[6,25],"tags":[],"class_list":["post-734","post","type-post","status-publish","format-standard","has-post-thumbnail","hentry","category-livros","category-seguranca-publica-e-defesa"],"views":249,"_links":{"self":[{"href":"https:\/\/www.bibliotecadeseguranca.com.br\/fr\/wp-json\/wp\/v2\/posts\/734","targetHints":{"allow":["GET"]}}],"collection":[{"href":"https:\/\/www.bibliotecadeseguranca.com.br\/fr\/wp-json\/wp\/v2\/posts"}],"about":[{"href":"https:\/\/www.bibliotecadeseguranca.com.br\/fr\/wp-json\/wp\/v2\/types\/post"}],"author":[{"embeddable":true,"href":"https:\/\/www.bibliotecadeseguranca.com.br\/fr\/wp-json\/wp\/v2\/users\/3"}],"replies":[{"embeddable":true,"href":"https:\/\/www.bibliotecadeseguranca.com.br\/fr\/wp-json\/wp\/v2\/comments?post=734"}],"version-history":[{"count":7,"href":"https:\/\/www.bibliotecadeseguranca.com.br\/fr\/wp-json\/wp\/v2\/posts\/734\/revisions"}],"predecessor-version":[{"id":9337,"href":"https:\/\/www.bibliotecadeseguranca.com.br\/fr\/wp-json\/wp\/v2\/posts\/734\/revisions\/9337"}],"wp:featuredmedia":[{"embeddable":true,"href":"https:\/\/www.bibliotecadeseguranca.com.br\/fr\/wp-json\/wp\/v2\/media\/735"}],"wp:attachment":[{"href":"https:\/\/www.bibliotecadeseguranca.com.br\/fr\/wp-json\/wp\/v2\/media?parent=734"}],"wp:term":[{"taxonomy":"category","embeddable":true,"href":"https:\/\/www.bibliotecadeseguranca.com.br\/fr\/wp-json\/wp\/v2\/categories?post=734"},{"taxonomy":"post_tag","embeddable":true,"href":"https:\/\/www.bibliotecadeseguranca.com.br\/fr\/wp-json\/wp\/v2\/tags?post=734"}],"curies":[{"name":"wp","href":"https:\/\/api.w.org\/{rel}","templated":true}]}}