{"id":7281,"date":"2013-02-04T04:54:21","date_gmt":"2013-02-04T04:54:21","guid":{"rendered":"http:\/\/www.bibliotecadeseguranca.com.br\/fr\/?p=7281"},"modified":"2014-02-06T00:30:21","modified_gmt":"2014-02-06T03:30:21","slug":"nuevo-reglamento-de-proteccion-de-datos-de-caracter-personal","status":"publish","type":"post","link":"https:\/\/www.bibliotecadeseguranca.com.br\/fr\/livros\/nuevo-reglamento-de-proteccion-de-datos-de-caracter-personal\/","title":{"rendered":"Nuevo Reglamento de Protecci\u00f3n de Datos de Car\u00e1cter Personal"},"content":{"rendered":"<p><strong><img loading=\"lazy\" decoding=\"async\" class=\"alignleft size-full wp-image-7291\" title=\"Nuevo Reglamento de Protecci\u00f3n de Datos de Car\u00e1cter Personal\" alt=\"\" src=\"http:\/\/www.bibliotecadeseguranca.com.br\/fr\/wp-content\/uploads\/2013\/02\/nuevo-reglamento-de-proteccion-de-datos-de-caracter-personal.jpg\" width=\"145\" height=\"204\" srcset=\"https:\/\/www.bibliotecadeseguranca.com.br\/fr\/wp-content\/uploads\/2013\/02\/nuevo-reglamento-de-proteccion-de-datos-de-caracter-personal.jpg 145w, https:\/\/www.bibliotecadeseguranca.com.br\/fr\/wp-content\/uploads\/2013\/02\/nuevo-reglamento-de-proteccion-de-datos-de-caracter-personal-106x150.jpg 106w\" sizes=\"auto, (max-width: 145px) 100vw, 145px\" \/><span style=\"color: #003366;\">Emilio del Peso Navarro, Miguel Angel Ramos Gonz\u00e1lez, Margarita del Peso Ruiz y Mar del Peso Ruiz<\/span><\/strong><\/p>\n<p><span style=\"color: #003366;\"><strong>Editor Diaz de Santos<\/strong><\/span><\/p>\n<p><span style=\"color: #003366;\"><strong>Descripci\u00f3n:<\/strong><\/span> Despu\u00e9s de m\u00e1s de ocho a\u00f1os de espera, por fin se ha publicado el Real Decreto 1720\/2007, de 21 de Diciembre, por el que se aprueba el Reglamento de Desarrollo de la Ley Org\u00e1nica 15\/1999 de 13 de Diciembre , de protecci\u00f3n de datos de car\u00e1cter personal. En esta obra, cuatro profesionales de reconocido prestigio en el campo delDerecho de las Tecnolog\u00edas de la Informaci\u00f3n, dos de ellos pioneros en la materia y otros dos de la nueva ola, han unido sus esfuerzos para lograr un libro en el que de forma agradable y f\u00e1cil de comprender se analiza el nuevo Reglamento, poniendo de relieve sus dificultades, y por otro lado sus bondades. La videovigilancia, presente hoy d\u00eda en muchos momentos de nuestra existencia y que se prev\u00e9 que a\u00fan lo estar\u00e1 m\u00e1s en el futuro pr\u00f3ximo, cobra especial relevancia en este libro, d\u00e1ndosele el tratamiento adecuado. INDICE: Abreviaturas y Acr\u00f3nimos. Real Decreto 1720\/2007. Disposiciones generales. La calidad de los datos. Deber de informaci\u00f3n al interesado. Derecho de las personas. Derecho de acceso. Derecho de cancelaci\u00f3n y rectificaci\u00f3n. Derecho de oposici\u00f3n. Creaci\u00f3n, modificaci\u00f3n o supresi\u00f3n de ficheros de titularidad p\u00fablica. C\u00f3digos tipo. El an\u00e1lisis de riesgo. Implantaci\u00f3n de los planes de seguridad. Videovigilancia. Disposiciones generales de la medidas de seguridad.<\/p>\n","protected":false},"excerpt":{"rendered":"<p>Emilio del Peso Navarro, Miguel Angel Ramos Gonz\u00e1lez, Margarita del Peso Ruiz y Mar del Peso Ruiz Editor Diaz de Santos Descripci\u00f3n: Despu\u00e9s de m\u00e1s de ocho a\u00f1os de espera, por fin se ha publicado el Real Decreto 1720\/2007, de 21 de Diciembre, por el que se aprueba el Reglamento de Desarrollo de la Ley Org\u00e1nica 15\/1999 de 13 de Diciembre , de protecci\u00f3n de datos de car\u00e1cter personal. En&hellip; <\/p>\n","protected":false},"author":3,"featured_media":7291,"comment_status":"open","ping_status":"closed","sticky":false,"template":"","format":"standard","meta":{"footnotes":""},"categories":[81,6,20],"tags":[],"class_list":["post-7281","post","type-post","status-publish","format-standard","has-post-thumbnail","hentry","category-espanol","category-livros","category-seguranca-da-informacao"],"views":367,"_links":{"self":[{"href":"https:\/\/www.bibliotecadeseguranca.com.br\/fr\/wp-json\/wp\/v2\/posts\/7281","targetHints":{"allow":["GET"]}}],"collection":[{"href":"https:\/\/www.bibliotecadeseguranca.com.br\/fr\/wp-json\/wp\/v2\/posts"}],"about":[{"href":"https:\/\/www.bibliotecadeseguranca.com.br\/fr\/wp-json\/wp\/v2\/types\/post"}],"author":[{"embeddable":true,"href":"https:\/\/www.bibliotecadeseguranca.com.br\/fr\/wp-json\/wp\/v2\/users\/3"}],"replies":[{"embeddable":true,"href":"https:\/\/www.bibliotecadeseguranca.com.br\/fr\/wp-json\/wp\/v2\/comments?post=7281"}],"version-history":[{"count":3,"href":"https:\/\/www.bibliotecadeseguranca.com.br\/fr\/wp-json\/wp\/v2\/posts\/7281\/revisions"}],"predecessor-version":[{"id":9741,"href":"https:\/\/www.bibliotecadeseguranca.com.br\/fr\/wp-json\/wp\/v2\/posts\/7281\/revisions\/9741"}],"wp:featuredmedia":[{"embeddable":true,"href":"https:\/\/www.bibliotecadeseguranca.com.br\/fr\/wp-json\/wp\/v2\/media\/7291"}],"wp:attachment":[{"href":"https:\/\/www.bibliotecadeseguranca.com.br\/fr\/wp-json\/wp\/v2\/media?parent=7281"}],"wp:term":[{"taxonomy":"category","embeddable":true,"href":"https:\/\/www.bibliotecadeseguranca.com.br\/fr\/wp-json\/wp\/v2\/categories?post=7281"},{"taxonomy":"post_tag","embeddable":true,"href":"https:\/\/www.bibliotecadeseguranca.com.br\/fr\/wp-json\/wp\/v2\/tags?post=7281"}],"curies":[{"name":"wp","href":"https:\/\/api.w.org\/{rel}","templated":true}]}}