{"id":727,"date":"2012-06-10T19:28:53","date_gmt":"2012-06-10T19:28:53","guid":{"rendered":"http:\/\/www.bibliotecadeseguranca.com.br\/fr\/?p=727"},"modified":"2014-02-06T02:25:43","modified_gmt":"2014-02-06T05:25:43","slug":"novas-ameacas-dimensoes-e-perspectivas-desafios-para-a-cooperacao-em-defesa-entre-o-brasil-e-argentina","status":"publish","type":"post","link":"https:\/\/www.bibliotecadeseguranca.com.br\/fr\/livros\/novas-ameacas-dimensoes-e-perspectivas-desafios-para-a-cooperacao-em-defesa-entre-o-brasil-e-argentina\/","title":{"rendered":"Novas Amea\u00e7as: Dimens\u00f5es e Perspectivas &#8211; Desafios para a Coopera\u00e7\u00e3o em Defesa entre o Brasil e Argentina"},"content":{"rendered":"<p><img loading=\"lazy\" decoding=\"async\" class=\"alignleft size-full wp-image-729\" alt=\"\" src=\"http:\/\/www.bibliotecadeseguranca.com.br\/fr\/wp-content\/uploads\/2011\/02\/novas-ameacas-dimensoes-e-perspectivas-desafios-para-a-cooperacao-em-defesa-entre-o-brasil-e-argentina.jpg\" width=\"125\" height=\"188\" srcset=\"https:\/\/www.bibliotecadeseguranca.com.br\/fr\/wp-content\/uploads\/2011\/02\/novas-ameacas-dimensoes-e-perspectivas-desafios-para-a-cooperacao-em-defesa-entre-o-brasil-e-argentina.jpg 125w, https:\/\/www.bibliotecadeseguranca.com.br\/fr\/wp-content\/uploads\/2011\/02\/novas-ameacas-dimensoes-e-perspectivas-desafios-para-a-cooperacao-em-defesa-entre-o-brasil-e-argentina-99x150.jpg 99w\" sizes=\"auto, (max-width: 125px) 100vw, 125px\" \/><span style=\"color: #003366;\"><strong>Suzeley Kalil Mathias e Samuel Alves Soares Autores: Ernesto L\u00f3pez, Germ\u00e1n Montenegro, Hector Saint-Pierre, Jo\u00e3o Roberto Martins Filho, Marcelo F\u00e1bia Sa\u00edn, Samuel Kalil Mathias e Suzeley Kalil Mathias<\/strong><\/span><\/p>\n<p><span style=\"color: #003366;\"><strong>Editor Sicurezza<\/strong><\/span><\/p>\n<p style=\"text-align: justify;\"><span style=\"color: #003366;\"><strong>Descripci\u00f3n: <\/strong><\/span>Os problemas de seguran\u00e7a, no Brasil e na Argentina, tiveram mudan\u00e7as significativas com o esgotamento das ditaduras militares e a ascens\u00e3o dos governos civis nos anos 80. Cientes disso, os autores deste livro prop\u00f5em uma avalia\u00e7\u00e3o dos instrumentos utilizados no combate \u00e0s novas amea\u00e7as, surgidas nesse contexto. Atrav\u00e9s de an\u00e1lises comparativas, buscando antecedentes hist\u00f3ricos, estudando o impacto das mudan\u00e7as nas rela\u00e7\u00f5es civis-militares, e a atual configura\u00e7\u00e3o destas, os autores instituem um debate sobre o emprego das For\u00e7as Armadas diante dessas novas amea\u00e7as, como tamb\u00e9m a postura do governo norte-americano a respeito destes temas.<\/p>\n<p style=\"text-align: justify;\">Todos os autores concordam que amea\u00e7a \u00e9 um sinal ou uma manifesta\u00e7\u00e3o percebida como um an\u00fancio de uma situa\u00e7\u00e3o indesejada ou de risco, deixando claro que o tema das novas amea\u00e7as est\u00e1 presente na nossa realidade social e pol\u00edtica, sendo um desafio para os formuladores das pol\u00edticas p\u00fablicas e exigindo descortino pol\u00edtico aos que cabem decis\u00f5es \u00faltimas.<\/p>\n<p style=\"text-align: justify;\">Fruto de uma pesquisa binacional trabalho conjunto de pesquisadores brasileiros e argentinos, o presente livro apresenta an\u00e1lises das atua\u00e7\u00f5es das institui\u00e7\u00f5es de for\u00e7a dos Estados, na medida em que se articulam para fazer frente a \u201cquest\u00f5es relacionadas ao tr\u00e1fico de drogas e delitos conexos, aos conflitos sociais, aos choques pol\u00edtico-institucionais, ao terrorismo e \u00e0 subvers\u00e3o, \u00e0s organiza\u00e7\u00f5es criminosas transnacionais\u201d<\/p>\n<p style=\"text-align: justify;\">Os v\u00e1rios pontos de vista dos pesquisadores, de distintas forma\u00e7\u00f5es acad\u00eamicas, al\u00e9m de enriquecerem este livro, demonstram as caracter\u00edsticas extremamente particulares, complexas e profissionais que esses novos grupos que nos amea\u00e7am apresentam, levando a crer na real necessidade de moderniza\u00e7\u00e3o e adequa\u00e7\u00e3o dos instrumentos de combate.<\/p>\n","protected":false},"excerpt":{"rendered":"<p>Suzeley Kalil Mathias e Samuel Alves Soares Autores: Ernesto L\u00f3pez, Germ\u00e1n Montenegro, Hector Saint-Pierre, Jo\u00e3o Roberto Martins Filho, Marcelo F\u00e1bia Sa\u00edn, Samuel Kalil Mathias e Suzeley Kalil Mathias Editor Sicurezza Descripci\u00f3n: Os problemas de seguran\u00e7a, no Brasil e na Argentina, tiveram mudan\u00e7as significativas com o esgotamento das ditaduras militares e a ascens\u00e3o dos governos civis nos anos 80. Cientes disso, os autores deste livro prop\u00f5em uma avalia\u00e7\u00e3o dos instrumentos utilizados&hellip; <\/p>\n","protected":false},"author":3,"featured_media":729,"comment_status":"open","ping_status":"closed","sticky":false,"template":"","format":"standard","meta":{"footnotes":""},"categories":[6,25],"tags":[],"class_list":["post-727","post","type-post","status-publish","format-standard","has-post-thumbnail","hentry","category-livros","category-seguranca-publica-e-defesa"],"views":306,"_links":{"self":[{"href":"https:\/\/www.bibliotecadeseguranca.com.br\/fr\/wp-json\/wp\/v2\/posts\/727","targetHints":{"allow":["GET"]}}],"collection":[{"href":"https:\/\/www.bibliotecadeseguranca.com.br\/fr\/wp-json\/wp\/v2\/posts"}],"about":[{"href":"https:\/\/www.bibliotecadeseguranca.com.br\/fr\/wp-json\/wp\/v2\/types\/post"}],"author":[{"embeddable":true,"href":"https:\/\/www.bibliotecadeseguranca.com.br\/fr\/wp-json\/wp\/v2\/users\/3"}],"replies":[{"embeddable":true,"href":"https:\/\/www.bibliotecadeseguranca.com.br\/fr\/wp-json\/wp\/v2\/comments?post=727"}],"version-history":[{"count":7,"href":"https:\/\/www.bibliotecadeseguranca.com.br\/fr\/wp-json\/wp\/v2\/posts\/727\/revisions"}],"predecessor-version":[{"id":9331,"href":"https:\/\/www.bibliotecadeseguranca.com.br\/fr\/wp-json\/wp\/v2\/posts\/727\/revisions\/9331"}],"wp:featuredmedia":[{"embeddable":true,"href":"https:\/\/www.bibliotecadeseguranca.com.br\/fr\/wp-json\/wp\/v2\/media\/729"}],"wp:attachment":[{"href":"https:\/\/www.bibliotecadeseguranca.com.br\/fr\/wp-json\/wp\/v2\/media?parent=727"}],"wp:term":[{"taxonomy":"category","embeddable":true,"href":"https:\/\/www.bibliotecadeseguranca.com.br\/fr\/wp-json\/wp\/v2\/categories?post=727"},{"taxonomy":"post_tag","embeddable":true,"href":"https:\/\/www.bibliotecadeseguranca.com.br\/fr\/wp-json\/wp\/v2\/tags?post=727"}],"curies":[{"name":"wp","href":"https:\/\/api.w.org\/{rel}","templated":true}]}}