{"id":721,"date":"2012-06-10T19:26:34","date_gmt":"2012-06-10T19:26:34","guid":{"rendered":"http:\/\/www.bibliotecadeseguranca.com.br\/fr\/?p=721"},"modified":"2014-02-06T02:25:55","modified_gmt":"2014-02-06T05:25:55","slug":"seguranca-publica-no-brasil-desafios-e-perspectivas","status":"publish","type":"post","link":"https:\/\/www.bibliotecadeseguranca.com.br\/fr\/livros\/seguranca-publica-no-brasil-desafios-e-perspectivas\/","title":{"rendered":"Seguran\u00e7a P\u00fablica no Brasil Desafios e Perspectivas"},"content":{"rendered":"<p><img loading=\"lazy\" decoding=\"async\" class=\"alignleft size-full wp-image-722\" alt=\"\" src=\"http:\/\/www.bibliotecadeseguranca.com.br\/fr\/wp-content\/uploads\/2011\/02\/seguranca-publica-no-brasil-desafios-e-perspectivas.jpg\" width=\"130\" height=\"188\" \/><span style=\"color: #003366;\"><strong>Lu\u00eds Fl\u00e1vio Sapori<\/strong><\/span><\/p>\n<p><span style=\"color: #003366;\"><strong>Editor FGV<\/strong><\/span><\/p>\n<p style=\"text-align: justify;\"><span style=\"color: #003366;\"><strong>Descripci\u00f3n:<\/strong><\/span> Qual a causa da deteriora\u00e7\u00e3o da ordem p\u00fablica nas cidades? Por que as pol\u00edticas de seguran\u00e7a p\u00fablica s\u00e3o t\u00e3o pouco eficazes no combate \u00e0 criminalidade? Pol\u00edticas p\u00fablicas relacionadas \u00e0 provis\u00e3o dos servi\u00e7os de educa\u00e7\u00e3o, sa\u00fade, habita\u00e7\u00e3o e emprego s\u00e3o capazes de reduzir a criminalidade? Por que democracia e viol\u00eancia t\u00eam caminhado juntas na hist\u00f3ria recente da sociedade brasileira? Neste livro, Lu\u00eds Fl\u00e1vio Sapori afirma ser poss\u00edvel implementar a\u00e7\u00f5es governamentais mais eficientes no controle da viol\u00eancia e toma como exemplo a pol\u00edtica de seguran\u00e7a p\u00fablica no estado de Minas Gerais.<\/p>\n","protected":false},"excerpt":{"rendered":"<p>Lu\u00eds Fl\u00e1vio Sapori Editor FGV Descripci\u00f3n: Qual a causa da deteriora\u00e7\u00e3o da ordem p\u00fablica nas cidades? Por que as pol\u00edticas de seguran\u00e7a p\u00fablica s\u00e3o t\u00e3o pouco eficazes no combate \u00e0 criminalidade? Pol\u00edticas p\u00fablicas relacionadas \u00e0 provis\u00e3o dos servi\u00e7os de educa\u00e7\u00e3o, sa\u00fade, habita\u00e7\u00e3o e emprego s\u00e3o capazes de reduzir a criminalidade? Por que democracia e viol\u00eancia t\u00eam caminhado juntas na hist\u00f3ria recente da sociedade brasileira? Neste livro, Lu\u00eds Fl\u00e1vio Sapori afirma&hellip; <\/p>\n","protected":false},"author":3,"featured_media":722,"comment_status":"open","ping_status":"closed","sticky":false,"template":"","format":"standard","meta":{"footnotes":""},"categories":[6,25],"tags":[],"class_list":["post-721","post","type-post","status-publish","format-standard","has-post-thumbnail","hentry","category-livros","category-seguranca-publica-e-defesa"],"views":276,"_links":{"self":[{"href":"https:\/\/www.bibliotecadeseguranca.com.br\/fr\/wp-json\/wp\/v2\/posts\/721","targetHints":{"allow":["GET"]}}],"collection":[{"href":"https:\/\/www.bibliotecadeseguranca.com.br\/fr\/wp-json\/wp\/v2\/posts"}],"about":[{"href":"https:\/\/www.bibliotecadeseguranca.com.br\/fr\/wp-json\/wp\/v2\/types\/post"}],"author":[{"embeddable":true,"href":"https:\/\/www.bibliotecadeseguranca.com.br\/fr\/wp-json\/wp\/v2\/users\/3"}],"replies":[{"embeddable":true,"href":"https:\/\/www.bibliotecadeseguranca.com.br\/fr\/wp-json\/wp\/v2\/comments?post=721"}],"version-history":[{"count":9,"href":"https:\/\/www.bibliotecadeseguranca.com.br\/fr\/wp-json\/wp\/v2\/posts\/721\/revisions"}],"predecessor-version":[{"id":9329,"href":"https:\/\/www.bibliotecadeseguranca.com.br\/fr\/wp-json\/wp\/v2\/posts\/721\/revisions\/9329"}],"wp:featuredmedia":[{"embeddable":true,"href":"https:\/\/www.bibliotecadeseguranca.com.br\/fr\/wp-json\/wp\/v2\/media\/722"}],"wp:attachment":[{"href":"https:\/\/www.bibliotecadeseguranca.com.br\/fr\/wp-json\/wp\/v2\/media?parent=721"}],"wp:term":[{"taxonomy":"category","embeddable":true,"href":"https:\/\/www.bibliotecadeseguranca.com.br\/fr\/wp-json\/wp\/v2\/categories?post=721"},{"taxonomy":"post_tag","embeddable":true,"href":"https:\/\/www.bibliotecadeseguranca.com.br\/fr\/wp-json\/wp\/v2\/tags?post=721"}],"curies":[{"name":"wp","href":"https:\/\/api.w.org\/{rel}","templated":true}]}}