{"id":700,"date":"2012-06-10T19:16:12","date_gmt":"2012-06-10T19:16:12","guid":{"rendered":"http:\/\/www.bibliotecadeseguranca.com.br\/fr\/?p=700"},"modified":"2014-02-06T02:44:54","modified_gmt":"2014-02-06T05:44:54","slug":"consolidacao-da-legislacao-brasileira-de-seguranca-privada-9%c2%aa-edicao","status":"publish","type":"post","link":"https:\/\/www.bibliotecadeseguranca.com.br\/fr\/livros\/consolidacao-da-legislacao-brasileira-de-seguranca-privada-9%c2%aa-edicao\/","title":{"rendered":"Consolida\u00e7\u00e3o da Legisla\u00e7\u00e3o Brasileira de Seguran\u00e7a Privada &#8211; 9\u00aa Edi\u00e7\u00e3o"},"content":{"rendered":"<p><strong><img loading=\"lazy\" decoding=\"async\" class=\"alignleft size-full wp-image-701\" alt=\"\" src=\"http:\/\/www.bibliotecadeseguranca.com.br\/fr\/wp-content\/uploads\/2011\/02\/consolidacao-da-legislacao-brasileira-de-seguranca-privada-9a-edicao.jpg\" width=\"141\" height=\"189\" srcset=\"https:\/\/www.bibliotecadeseguranca.com.br\/fr\/wp-content\/uploads\/2011\/02\/consolidacao-da-legislacao-brasileira-de-seguranca-privada-9a-edicao.jpg 141w, https:\/\/www.bibliotecadeseguranca.com.br\/fr\/wp-content\/uploads\/2011\/02\/consolidacao-da-legislacao-brasileira-de-seguranca-privada-9a-edicao-111x150.jpg 111w\" sizes=\"auto, (max-width: 141px) 100vw, 141px\" \/><span style=\"color: #003366;\">SESVESP<\/span><\/strong><\/p>\n<p><span style=\"color: #003366;\"><strong>Editor CN Editorial<\/strong><\/span><\/p>\n<p style=\"text-align: justify;\"><span style=\"color: #003366;\"><strong>Descripci\u00f3n: <\/strong><\/span>Inclui a recente Portaria 387\/2006 da Pol\u00edcia Federal, que altera e consolida normas sobre Seguran\u00e7a Privada.<\/p>\n","protected":false},"excerpt":{"rendered":"<p>SESVESP Editor CN Editorial Descripci\u00f3n: Inclui a recente Portaria 387\/2006 da Pol\u00edcia Federal, que altera e consolida normas sobre Seguran\u00e7a Privada.<\/p>\n","protected":false},"author":3,"featured_media":701,"comment_status":"open","ping_status":"closed","sticky":false,"template":"","format":"standard","meta":{"footnotes":""},"categories":[23,6],"tags":[],"class_list":["post-700","post","type-post","status-publish","format-standard","has-post-thumbnail","hentry","category-gestao-da-seguranca-empresarial","category-livros"],"views":496,"_links":{"self":[{"href":"https:\/\/www.bibliotecadeseguranca.com.br\/fr\/wp-json\/wp\/v2\/posts\/700","targetHints":{"allow":["GET"]}}],"collection":[{"href":"https:\/\/www.bibliotecadeseguranca.com.br\/fr\/wp-json\/wp\/v2\/posts"}],"about":[{"href":"https:\/\/www.bibliotecadeseguranca.com.br\/fr\/wp-json\/wp\/v2\/types\/post"}],"author":[{"embeddable":true,"href":"https:\/\/www.bibliotecadeseguranca.com.br\/fr\/wp-json\/wp\/v2\/users\/3"}],"replies":[{"embeddable":true,"href":"https:\/\/www.bibliotecadeseguranca.com.br\/fr\/wp-json\/wp\/v2\/comments?post=700"}],"version-history":[{"count":8,"href":"https:\/\/www.bibliotecadeseguranca.com.br\/fr\/wp-json\/wp\/v2\/posts\/700\/revisions"}],"predecessor-version":[{"id":9323,"href":"https:\/\/www.bibliotecadeseguranca.com.br\/fr\/wp-json\/wp\/v2\/posts\/700\/revisions\/9323"}],"wp:featuredmedia":[{"embeddable":true,"href":"https:\/\/www.bibliotecadeseguranca.com.br\/fr\/wp-json\/wp\/v2\/media\/701"}],"wp:attachment":[{"href":"https:\/\/www.bibliotecadeseguranca.com.br\/fr\/wp-json\/wp\/v2\/media?parent=700"}],"wp:term":[{"taxonomy":"category","embeddable":true,"href":"https:\/\/www.bibliotecadeseguranca.com.br\/fr\/wp-json\/wp\/v2\/categories?post=700"},{"taxonomy":"post_tag","embeddable":true,"href":"https:\/\/www.bibliotecadeseguranca.com.br\/fr\/wp-json\/wp\/v2\/tags?post=700"}],"curies":[{"name":"wp","href":"https:\/\/api.w.org\/{rel}","templated":true}]}}