{"id":696,"date":"2012-06-10T19:14:25","date_gmt":"2012-06-10T19:14:25","guid":{"rendered":"http:\/\/www.bibliotecadeseguranca.com.br\/fr\/?p=696"},"modified":"2014-02-06T02:26:28","modified_gmt":"2014-02-06T05:26:28","slug":"manual-do-vigilante-curso-de-formacao","status":"publish","type":"post","link":"https:\/\/www.bibliotecadeseguranca.com.br\/fr\/livros\/manual-do-vigilante-curso-de-formacao\/","title":{"rendered":"Manual do Vigilante &#8211; Curso de Forma\u00e7\u00e3o"},"content":{"rendered":"<p><strong><img loading=\"lazy\" decoding=\"async\" class=\"alignleft size-full wp-image-697\" alt=\"\" src=\"http:\/\/www.bibliotecadeseguranca.com.br\/fr\/wp-content\/uploads\/2011\/02\/manual-do-vigilante-curso-de-formacao.jpg\" width=\"130\" height=\"189\" srcset=\"https:\/\/www.bibliotecadeseguranca.com.br\/fr\/wp-content\/uploads\/2011\/02\/manual-do-vigilante-curso-de-formacao.jpg 130w, https:\/\/www.bibliotecadeseguranca.com.br\/fr\/wp-content\/uploads\/2011\/02\/manual-do-vigilante-curso-de-formacao-103x150.jpg 103w\" sizes=\"auto, (max-width: 130px) 100vw, 130px\" \/><span style=\"color: #003366;\">ABCFAV &#8211; Associa\u00e7\u00e3o Brasileira de Cursos de Forma\u00e7\u00e3o e Aperfei\u00e7oamento de Vigilantes<\/span><\/strong><\/p>\n<p><span style=\"color: #003366;\"><strong>Editor Coordena\u00e7\u00e3o Geral de Controle da Seguran\u00e7a Privada do Depart<\/strong><\/span><\/p>\n<p style=\"text-align: justify;\"><span style=\"color: #003366;\"><strong>Descripci\u00f3n: <\/strong><\/span>O Manual do Vigilante \u00e9 destinado a uniformizar o ensino de seguran\u00e7a ao vigilante, em sua forma\u00e7\u00e3o b\u00e1sica. \u00c9 um comp\u00eandio de conte\u00fados catalogados, desenvolvidos e adaptados para o vigilante, a partir de materiais did\u00e1ticos destinados \u00e0 seguran\u00e7a p\u00fablica e privada.<\/p>\n<p style=\"text-align: justify;\">A metodologia utilizada \u00e9 a mesma dos anexos da Portaria n\u00b0 387\/2006-DG\/DPF, que alterou e consolidou as regras sobre seguran\u00e7a privada no Brasil.<\/p>\n<p style=\"text-align: justify;\">A citada portaria prev\u00ea que o vigilante, ap\u00f3s entrar no ramo da seguran\u00e7a privada atrav\u00e9s do Curso de Forma\u00e7\u00e3o de Vigilante, dever\u00e1 voltar compulsoriamente \u00e0 sala de aula a cada dois anos, n\u00e3o definindo qual extens\u00e3o ou reciclagem ir\u00e1 realizar. Tal escolha dever\u00e1 ser feita pelo pr\u00f3prio vigilante, levando-se em conta seus interesses profissionais e sua rela\u00e7\u00e3o de trabalho.<\/p>\n<p style=\"text-align: justify;\">A reforma curricular apresentada na Portaria 387\/2006 tem enfoque no ser humano e na pessoa do vigilante, com objetivo de formar profissionais cidad\u00e3os, n\u00e3o apenas t\u00e9cnicos, e de captar no mercado de trabalho pessoas mais qualificadas para que o segmento da seguran\u00e7a privada possa crescer com essas medidas e prover uma melhor seguran\u00e7a \u00e0 sociedade.<br \/>\n\u00c9 nessa senda que a seguran\u00e7a privada \u00e9 complementar \u00e0 seguran\u00e7a p\u00fablica.<br \/>\nEsta cartilha \u00e9 a mais importante, pois \u00e9 a que trata da Forma\u00e7\u00e3o do Vigilante. Ela servir\u00e1 como meio instrucional e material de consulta permanente ao vigilante, tanto em sua forma\u00e7\u00e3o profissional, como durante sua atividade de trabalho, al\u00e9m de servir para as reciclagens exigidas pela legisla\u00e7\u00e3o.<\/p>\n<p style=\"text-align: justify;\">Este trabalho \u00e9 uma realiza\u00e7\u00e3o da ABCFAV \u2013 Associa\u00e7\u00e3o Brasileira dos Cursos de Forma\u00e7\u00e3o e Aperfei\u00e7oamento de Vigilantes, com a colabora\u00e7\u00e3o da Coordena\u00e7\u00e3o-Geral de Controle da Seguran\u00e7a Privada da Pol\u00edcia Federal.<\/p>\n","protected":false},"excerpt":{"rendered":"<p>ABCFAV &#8211; Associa\u00e7\u00e3o Brasileira de Cursos de Forma\u00e7\u00e3o e Aperfei\u00e7oamento de Vigilantes Editor Coordena\u00e7\u00e3o Geral de Controle da Seguran\u00e7a Privada do Depart Descripci\u00f3n: O Manual do Vigilante \u00e9 destinado a uniformizar o ensino de seguran\u00e7a ao vigilante, em sua forma\u00e7\u00e3o b\u00e1sica. \u00c9 um comp\u00eandio de conte\u00fados catalogados, desenvolvidos e adaptados para o vigilante, a partir de materiais did\u00e1ticos destinados \u00e0 seguran\u00e7a p\u00fablica e privada. A metodologia utilizada \u00e9 a mesma&hellip; <\/p>\n","protected":false},"author":3,"featured_media":697,"comment_status":"open","ping_status":"closed","sticky":false,"template":"","format":"standard","meta":{"footnotes":""},"categories":[23,6],"tags":[],"class_list":["post-696","post","type-post","status-publish","format-standard","has-post-thumbnail","hentry","category-gestao-da-seguranca-empresarial","category-livros"],"views":511,"_links":{"self":[{"href":"https:\/\/www.bibliotecadeseguranca.com.br\/fr\/wp-json\/wp\/v2\/posts\/696","targetHints":{"allow":["GET"]}}],"collection":[{"href":"https:\/\/www.bibliotecadeseguranca.com.br\/fr\/wp-json\/wp\/v2\/posts"}],"about":[{"href":"https:\/\/www.bibliotecadeseguranca.com.br\/fr\/wp-json\/wp\/v2\/types\/post"}],"author":[{"embeddable":true,"href":"https:\/\/www.bibliotecadeseguranca.com.br\/fr\/wp-json\/wp\/v2\/users\/3"}],"replies":[{"embeddable":true,"href":"https:\/\/www.bibliotecadeseguranca.com.br\/fr\/wp-json\/wp\/v2\/comments?post=696"}],"version-history":[{"count":8,"href":"https:\/\/www.bibliotecadeseguranca.com.br\/fr\/wp-json\/wp\/v2\/posts\/696\/revisions"}],"predecessor-version":[{"id":699,"href":"https:\/\/www.bibliotecadeseguranca.com.br\/fr\/wp-json\/wp\/v2\/posts\/696\/revisions\/699"}],"wp:featuredmedia":[{"embeddable":true,"href":"https:\/\/www.bibliotecadeseguranca.com.br\/fr\/wp-json\/wp\/v2\/media\/697"}],"wp:attachment":[{"href":"https:\/\/www.bibliotecadeseguranca.com.br\/fr\/wp-json\/wp\/v2\/media?parent=696"}],"wp:term":[{"taxonomy":"category","embeddable":true,"href":"https:\/\/www.bibliotecadeseguranca.com.br\/fr\/wp-json\/wp\/v2\/categories?post=696"},{"taxonomy":"post_tag","embeddable":true,"href":"https:\/\/www.bibliotecadeseguranca.com.br\/fr\/wp-json\/wp\/v2\/tags?post=696"}],"curies":[{"name":"wp","href":"https:\/\/api.w.org\/{rel}","templated":true}]}}