{"id":6911,"date":"2013-01-30T00:00:50","date_gmt":"2013-01-30T03:00:50","guid":{"rendered":"http:\/\/www.bibliotecadeseguranca.com.br\/fr\/?p=6911"},"modified":"2014-02-06T00:31:04","modified_gmt":"2014-02-06T03:31:04","slug":"revista-sesvesp-ano-xv-no-106-marabr-2012","status":"publish","type":"post","link":"https:\/\/www.bibliotecadeseguranca.com.br\/fr\/periodicos-de-seguranca\/revista-sesvesp-ano-xv-no-106-marabr-2012\/","title":{"rendered":"Revista Sesvesp Ano XV, N\u00ba 106, Mar\/Abr 2012"},"content":{"rendered":"<p><strong><img loading=\"lazy\" decoding=\"async\" class=\"alignleft size-full wp-image-6921\" title=\"Revista Sesvesp Ano XV, N\u00ba 106, Mar\/Abr 2012\" alt=\"\" src=\"http:\/\/www.bibliotecadeseguranca.com.br\/fr\/wp-content\/uploads\/2013\/01\/revista-sesvesp-ano-xv-no-106-marabr-2012.jpg\" width=\"150\" height=\"200\" srcset=\"https:\/\/www.bibliotecadeseguranca.com.br\/fr\/wp-content\/uploads\/2013\/01\/revista-sesvesp-ano-xv-no-106-marabr-2012.jpg 150w, https:\/\/www.bibliotecadeseguranca.com.br\/fr\/wp-content\/uploads\/2013\/01\/revista-sesvesp-ano-xv-no-106-marabr-2012-112x150.jpg 112w\" sizes=\"auto, (max-width: 150px) 100vw, 150px\" \/><span style=\"color: #003366;\">Artigo<\/span><\/strong><br \/>\n8 &#8211; Avaliar Seguran\u00e7a apenas por pre\u00e7o \u00e9 um grande risco<br \/>\n<strong><span style=\"color: #003366;\">Artigo<\/span><\/strong><br \/>\n9 &#8211; Arbitragem e o Direito do Trabalho<br \/>\n<strong><span style=\"color: #003366;\">Evento<\/span><\/strong><br \/>\n11 &#8211; Pr\u00eamio Destaque 2012 valoriza profissionais de seguran\u00e7a e prote\u00e7\u00e3o<br \/>\n<strong><span style=\"color: #003366;\">Internacional<\/span><\/strong><br \/>\n12 &#8211; Empres\u00e1rios brasileiros visitama SICUR 2012, em Madrid &#8211; Espanha<br \/>\n<strong><span style=\"color: #003366;\">Parceria<\/span><\/strong><br \/>\n15 &#8211; Mezzo Planejamento firma parceria com o SESVESP<br \/>\n<strong><span style=\"color: #003366;\">Parceria<\/span><\/strong><br \/>\n17 &#8211; Instituto Hippocampus e SESVESP pela inser\u00e7\u00e3o social de Pessoas com Defici\u00eancia<br \/>\n<strong><span style=\"color: #003366;\">ABSESP<\/span><\/strong><br \/>\n19 &#8211; ABSESP em audi\u00eancia com o Ministro do Trabalho<br \/>\n<strong><span style=\"color: #003366;\">Justi\u00e7a do Trabalho<\/span><\/strong><br \/>\n21 &#8211; Trabalhadores receberam R$ 15 bilh\u00f5es, em 2011, em decis\u00f5es da Justi\u00e7a do Trabalho<br \/>\n<strong><span style=\"color: #003366;\">Opini\u00e3o<\/span><\/strong><br \/>\n37 &#8211; Seguran\u00e7a: Por que resistir \u00e0 preven\u00e7\u00e3o?<br \/>\n<strong><span style=\"color: #003366;\">Opini\u00e3o<\/span><\/strong><br \/>\n39 &#8211; Nova Portaria<br \/>\n<strong><span style=\"color: #003366;\">Opini\u00e3o<\/span><\/strong><br \/>\n41 &#8211; A Paix\u00e3o de cada um<\/p>\n<p><a title=\"Revista Sesvesp Ano XV, N\u00ba 106, Mar\/Abr 2012\" href=\"http:\/\/www.sesvesp.com.br\/revistas\/edicao_106.cfm\" target=\"_blank\">Link para a revista<\/a><\/p>\n","protected":false},"excerpt":{"rendered":"<p>Artigo 8 &#8211; Avaliar Seguran\u00e7a apenas por pre\u00e7o \u00e9 um grande risco Artigo 9 &#8211; Arbitragem e o Direito do Trabalho Evento 11 &#8211; Pr\u00eamio Destaque 2012 valoriza profissionais de seguran\u00e7a e prote\u00e7\u00e3o Internacional 12 &#8211; Empres\u00e1rios brasileiros visitama SICUR 2012, em Madrid &#8211; Espanha Parceria 15 &#8211; Mezzo Planejamento firma parceria com o SESVESP Parceria 17 &#8211; Instituto Hippocampus e SESVESP pela inser\u00e7\u00e3o social de Pessoas com Defici\u00eancia ABSESP&hellip; <\/p>\n","protected":false},"author":3,"featured_media":6921,"comment_status":"open","ping_status":"closed","sticky":false,"template":"","format":"standard","meta":{"footnotes":""},"categories":[103,71],"tags":[],"class_list":["post-6911","post","type-post","status-publish","format-standard","has-post-thumbnail","hentry","category-revista-sesvesp","category-periodicos-de-seguranca"],"views":277,"_links":{"self":[{"href":"https:\/\/www.bibliotecadeseguranca.com.br\/fr\/wp-json\/wp\/v2\/posts\/6911","targetHints":{"allow":["GET"]}}],"collection":[{"href":"https:\/\/www.bibliotecadeseguranca.com.br\/fr\/wp-json\/wp\/v2\/posts"}],"about":[{"href":"https:\/\/www.bibliotecadeseguranca.com.br\/fr\/wp-json\/wp\/v2\/types\/post"}],"author":[{"embeddable":true,"href":"https:\/\/www.bibliotecadeseguranca.com.br\/fr\/wp-json\/wp\/v2\/users\/3"}],"replies":[{"embeddable":true,"href":"https:\/\/www.bibliotecadeseguranca.com.br\/fr\/wp-json\/wp\/v2\/comments?post=6911"}],"version-history":[{"count":5,"href":"https:\/\/www.bibliotecadeseguranca.com.br\/fr\/wp-json\/wp\/v2\/posts\/6911\/revisions"}],"predecessor-version":[{"id":9730,"href":"https:\/\/www.bibliotecadeseguranca.com.br\/fr\/wp-json\/wp\/v2\/posts\/6911\/revisions\/9730"}],"wp:featuredmedia":[{"embeddable":true,"href":"https:\/\/www.bibliotecadeseguranca.com.br\/fr\/wp-json\/wp\/v2\/media\/6921"}],"wp:attachment":[{"href":"https:\/\/www.bibliotecadeseguranca.com.br\/fr\/wp-json\/wp\/v2\/media?parent=6911"}],"wp:term":[{"taxonomy":"category","embeddable":true,"href":"https:\/\/www.bibliotecadeseguranca.com.br\/fr\/wp-json\/wp\/v2\/categories?post=6911"},{"taxonomy":"post_tag","embeddable":true,"href":"https:\/\/www.bibliotecadeseguranca.com.br\/fr\/wp-json\/wp\/v2\/tags?post=6911"}],"curies":[{"name":"wp","href":"https:\/\/api.w.org\/{rel}","templated":true}]}}