{"id":683,"date":"2012-06-10T19:09:31","date_gmt":"2012-06-10T19:09:31","guid":{"rendered":"http:\/\/www.bibliotecadeseguranca.com.br\/fr\/?p=683"},"modified":"2014-02-06T02:26:52","modified_gmt":"2014-02-06T05:26:52","slug":"manual-das-empresas-de-seguranca-privada","status":"publish","type":"post","link":"https:\/\/www.bibliotecadeseguranca.com.br\/fr\/livros\/manual-das-empresas-de-seguranca-privada\/","title":{"rendered":"Manual das Empresas de Seguran\u00e7a Privada"},"content":{"rendered":"<p><strong><img loading=\"lazy\" decoding=\"async\" class=\"alignleft size-full wp-image-685\" alt=\"\" src=\"http:\/\/www.bibliotecadeseguranca.com.br\/fr\/wp-content\/uploads\/2011\/02\/manual-das-empresas-de-seguranca-privada.jpg\" width=\"127\" height=\"189\" srcset=\"https:\/\/www.bibliotecadeseguranca.com.br\/fr\/wp-content\/uploads\/2011\/02\/manual-das-empresas-de-seguranca-privada.jpg 127w, https:\/\/www.bibliotecadeseguranca.com.br\/fr\/wp-content\/uploads\/2011\/02\/manual-das-empresas-de-seguranca-privada-100x150.jpg 100w\" sizes=\"auto, (max-width: 127px) 100vw, 127px\" \/><span style=\"color: #003366;\">Amador Paes de Almeida<\/span><\/strong><\/p>\n<p><span style=\"color: #003366;\"><strong>Editor Saraiva<\/strong><\/span><\/p>\n<p style=\"text-align: justify;\"><span style=\"color: #003366;\"><strong>Descripci\u00f3n: <\/strong><\/span>A constitui\u00e7\u00e3o e o funcionamento das empresas de seguran\u00e7a privada, os direitos trabalhistas dos vigilantes e demais profissionais do setor, as conven\u00e7\u00f5es e acordos coletivos da categoria e a responsabilidade civil dos estabelecimentos banc\u00e1rios s\u00e3o, entre v\u00e1rios outros, os temas que comp\u00f5em e atribuem car\u00e1ter interdisciplinar a este belo trabalho do Professor Amador P\u00e3es de Almeida. Ditada pelo aumento da criminalidade nos grandes centros urbanos do pa\u00eds e pela estrutura deficiente do Estado em quest\u00f5es ligadas \u00e0 seguran\u00e7a p\u00fablica, a crescente atua\u00e7\u00e3o de empresas oferecedoras de servi\u00e7os de seguran\u00e7a privada requer a necessidade de regulamenta\u00e7\u00e3o e controle da atividade pelo Poder P\u00fablico, exigindo, igualmente, cuidados no que tange aos direitos sociais envolvidos. Preenchendo uma lacuna na literatura jur\u00eddica relacionada \u00e0 mat\u00e9ria, a obra re\u00fane aspectos pr\u00e1ticos e conceituais, interpreta\u00e7\u00e3o e modelos de contratos, bem como a transcri\u00e7\u00e3o das decis\u00f5es judiciais e dos diplomas de lei de maior relev\u00e2ncia para o estudioso.<\/p>\n","protected":false},"excerpt":{"rendered":"<p>Amador Paes de Almeida Editor Saraiva Descripci\u00f3n: A constitui\u00e7\u00e3o e o funcionamento das empresas de seguran\u00e7a privada, os direitos trabalhistas dos vigilantes e demais profissionais do setor, as conven\u00e7\u00f5es e acordos coletivos da categoria e a responsabilidade civil dos estabelecimentos banc\u00e1rios s\u00e3o, entre v\u00e1rios outros, os temas que comp\u00f5em e atribuem car\u00e1ter interdisciplinar a este belo trabalho do Professor Amador P\u00e3es de Almeida. Ditada pelo aumento da criminalidade nos grandes&hellip; <\/p>\n","protected":false},"author":3,"featured_media":685,"comment_status":"open","ping_status":"closed","sticky":false,"template":"","format":"standard","meta":{"footnotes":""},"categories":[23,6],"tags":[],"class_list":["post-683","post","type-post","status-publish","format-standard","has-post-thumbnail","hentry","category-gestao-da-seguranca-empresarial","category-livros"],"views":344,"_links":{"self":[{"href":"https:\/\/www.bibliotecadeseguranca.com.br\/fr\/wp-json\/wp\/v2\/posts\/683","targetHints":{"allow":["GET"]}}],"collection":[{"href":"https:\/\/www.bibliotecadeseguranca.com.br\/fr\/wp-json\/wp\/v2\/posts"}],"about":[{"href":"https:\/\/www.bibliotecadeseguranca.com.br\/fr\/wp-json\/wp\/v2\/types\/post"}],"author":[{"embeddable":true,"href":"https:\/\/www.bibliotecadeseguranca.com.br\/fr\/wp-json\/wp\/v2\/users\/3"}],"replies":[{"embeddable":true,"href":"https:\/\/www.bibliotecadeseguranca.com.br\/fr\/wp-json\/wp\/v2\/comments?post=683"}],"version-history":[{"count":8,"href":"https:\/\/www.bibliotecadeseguranca.com.br\/fr\/wp-json\/wp\/v2\/posts\/683\/revisions"}],"predecessor-version":[{"id":9317,"href":"https:\/\/www.bibliotecadeseguranca.com.br\/fr\/wp-json\/wp\/v2\/posts\/683\/revisions\/9317"}],"wp:featuredmedia":[{"embeddable":true,"href":"https:\/\/www.bibliotecadeseguranca.com.br\/fr\/wp-json\/wp\/v2\/media\/685"}],"wp:attachment":[{"href":"https:\/\/www.bibliotecadeseguranca.com.br\/fr\/wp-json\/wp\/v2\/media?parent=683"}],"wp:term":[{"taxonomy":"category","embeddable":true,"href":"https:\/\/www.bibliotecadeseguranca.com.br\/fr\/wp-json\/wp\/v2\/categories?post=683"},{"taxonomy":"post_tag","embeddable":true,"href":"https:\/\/www.bibliotecadeseguranca.com.br\/fr\/wp-json\/wp\/v2\/tags?post=683"}],"curies":[{"name":"wp","href":"https:\/\/api.w.org\/{rel}","templated":true}]}}