{"id":6821,"date":"2013-01-29T18:17:24","date_gmt":"2013-01-29T18:17:24","guid":{"rendered":"http:\/\/www.bibliotecadeseguranca.com.br\/fr\/?p=6821"},"modified":"2014-02-06T00:31:55","modified_gmt":"2014-02-06T03:31:55","slug":"virtudes-do-medo","status":"publish","type":"post","link":"https:\/\/www.bibliotecadeseguranca.com.br\/fr\/livros\/virtudes-do-medo\/","title":{"rendered":"Virtudes do Medo"},"content":{"rendered":"<p><strong><img loading=\"lazy\" decoding=\"async\" class=\"alignleft size-full wp-image-6831\" title=\"Virtudes do Medo\" alt=\"\" src=\"http:\/\/www.bibliotecadeseguranca.com.br\/fr\/wp-content\/uploads\/2013\/01\/virtudes-do-medo.jpg\" width=\"140\" height=\"212\" srcset=\"https:\/\/www.bibliotecadeseguranca.com.br\/fr\/wp-content\/uploads\/2013\/01\/virtudes-do-medo.jpg 140w, https:\/\/www.bibliotecadeseguranca.com.br\/fr\/wp-content\/uploads\/2013\/01\/virtudes-do-medo-99x150.jpg 99w\" sizes=\"auto, (max-width: 140px) 100vw, 140px\" \/><span style=\"color: #003366;\">Gavin de Becker<\/span><\/strong><\/p>\n<p><span style=\"color: #003366;\"><strong>Editor Rocco<\/strong><\/span><\/p>\n<p><span style=\"color: #003366;\"><strong>Descripci\u00f3n:<\/strong><\/span> O autor mostra neste livro que voc\u00ea tem condi\u00e7\u00f5es de prever um comportamento violento. Com dezenas de hist\u00f3rias interessantes baseadas em sua experi\u00eancia profissional, ele disp\u00f5e as pe\u00e7as do quebra-cabe\u00e7a da viol\u00eancia humana e indica como solucion\u00e1-lo se prestar aten\u00e7\u00e3o aos sutis sinais da intui\u00e7\u00e3o. Repleto de &#8220;insights&#8221; cl\u00ednicos e sabedoria pr\u00e1tica, esse livro poder\u00e1 ajud\u00e1-lo a separar o perigo real do imaginado, a adquirir confian\u00e7a num mundo cada vez mais amea\u00e7ador e a tornar a vida mais segura.<\/p>\n","protected":false},"excerpt":{"rendered":"<p>Gavin de Becker Editor Rocco Descripci\u00f3n: O autor mostra neste livro que voc\u00ea tem condi\u00e7\u00f5es de prever um comportamento violento. Com dezenas de hist\u00f3rias interessantes baseadas em sua experi\u00eancia profissional, ele disp\u00f5e as pe\u00e7as do quebra-cabe\u00e7a da viol\u00eancia humana e indica como solucion\u00e1-lo se prestar aten\u00e7\u00e3o aos sutis sinais da intui\u00e7\u00e3o. Repleto de &#8220;insights&#8221; cl\u00ednicos e sabedoria pr\u00e1tica, esse livro poder\u00e1 ajud\u00e1-lo a separar o perigo real do imaginado, a&hellip; <\/p>\n","protected":false},"author":3,"featured_media":6831,"comment_status":"open","ping_status":"closed","sticky":false,"template":"","format":"standard","meta":{"footnotes":""},"categories":[10,6],"tags":[],"class_list":["post-6821","post","type-post","status-publish","format-standard","has-post-thumbnail","hentry","category-crime-violencia-e-criminologia","category-livros"],"views":312,"_links":{"self":[{"href":"https:\/\/www.bibliotecadeseguranca.com.br\/fr\/wp-json\/wp\/v2\/posts\/6821","targetHints":{"allow":["GET"]}}],"collection":[{"href":"https:\/\/www.bibliotecadeseguranca.com.br\/fr\/wp-json\/wp\/v2\/posts"}],"about":[{"href":"https:\/\/www.bibliotecadeseguranca.com.br\/fr\/wp-json\/wp\/v2\/types\/post"}],"author":[{"embeddable":true,"href":"https:\/\/www.bibliotecadeseguranca.com.br\/fr\/wp-json\/wp\/v2\/users\/3"}],"replies":[{"embeddable":true,"href":"https:\/\/www.bibliotecadeseguranca.com.br\/fr\/wp-json\/wp\/v2\/comments?post=6821"}],"version-history":[{"count":3,"href":"https:\/\/www.bibliotecadeseguranca.com.br\/fr\/wp-json\/wp\/v2\/posts\/6821\/revisions"}],"predecessor-version":[{"id":9726,"href":"https:\/\/www.bibliotecadeseguranca.com.br\/fr\/wp-json\/wp\/v2\/posts\/6821\/revisions\/9726"}],"wp:featuredmedia":[{"embeddable":true,"href":"https:\/\/www.bibliotecadeseguranca.com.br\/fr\/wp-json\/wp\/v2\/media\/6831"}],"wp:attachment":[{"href":"https:\/\/www.bibliotecadeseguranca.com.br\/fr\/wp-json\/wp\/v2\/media?parent=6821"}],"wp:term":[{"taxonomy":"category","embeddable":true,"href":"https:\/\/www.bibliotecadeseguranca.com.br\/fr\/wp-json\/wp\/v2\/categories?post=6821"},{"taxonomy":"post_tag","embeddable":true,"href":"https:\/\/www.bibliotecadeseguranca.com.br\/fr\/wp-json\/wp\/v2\/tags?post=6821"}],"curies":[{"name":"wp","href":"https:\/\/api.w.org\/{rel}","templated":true}]}}