{"id":6791,"date":"2013-01-28T12:28:04","date_gmt":"2013-01-28T15:28:04","guid":{"rendered":"http:\/\/www.bibliotecadeseguranca.com.br\/fr\/?p=6791"},"modified":"2014-11-11T19:48:02","modified_gmt":"2014-11-11T22:48:02","slug":"problemas-estrategicos-contemporaneos","status":"publish","type":"post","link":"https:\/\/www.bibliotecadeseguranca.com.br\/fr\/livros\/problemas-estrategicos-contemporaneos\/","title":{"rendered":"Problemas Estrat\u00e9gicos Contempor\u00e2neos"},"content":{"rendered":"<p><strong><img loading=\"lazy\" decoding=\"async\" class=\"alignleft size-full wp-image-6801\" title=\"Problemas Estrat\u00e9gicos Contempor\u00e2neos\" alt=\"\" src=\"http:\/\/www.bibliotecadeseguranca.com.br\/fr\/wp-content\/uploads\/2013\/01\/problemas-estrategicos-contemporaneos.jpg\" width=\"115\" height=\"176\" srcset=\"https:\/\/www.bibliotecadeseguranca.com.br\/fr\/wp-content\/uploads\/2013\/01\/problemas-estrategicos-contemporaneos.jpg 115w, https:\/\/www.bibliotecadeseguranca.com.br\/fr\/wp-content\/uploads\/2013\/01\/problemas-estrategicos-contemporaneos-98x150.jpg 98w\" sizes=\"auto, (max-width: 115px) 100vw, 115px\" \/><span style=\"color: #003366;\">Philippe Moreau Defarges<\/span><\/strong><\/p>\n<p><span style=\"color: #003366;\"><strong>Editor Bibliex<\/strong><\/span><\/p>\n<p><span style=\"color: #003366;\"><strong>Descripci\u00f3n:<\/strong><\/span> Escrito em linguagem clara e muito bem estruturada, o livro trata do que Defarges chama &#8220;a problem\u00e1tica moderna da estrat\u00e9gia&#8221; &#8211; antes e depois da arma nuclear. Focaliza o Terceiro Mundo sob o ponto de vista das estrat\u00e9gias &#8211; como teatro de opera\u00e7\u00f5es das estrat\u00e9gias dispon\u00edveis e do desarmamento, a\u00ed inclu\u00eddo o desarmamento nuclear.<\/p>\n","protected":false},"excerpt":{"rendered":"<p>Philippe Moreau Defarges Editor Bibliex Descripci\u00f3n: Escrito em linguagem clara e muito bem estruturada, o livro trata do que Defarges chama &#8220;a problem\u00e1tica moderna da estrat\u00e9gia&#8221; &#8211; antes e depois da arma nuclear. Focaliza o Terceiro Mundo sob o ponto de vista das estrat\u00e9gias &#8211; como teatro de opera\u00e7\u00f5es das estrat\u00e9gias dispon\u00edveis e do desarmamento, a\u00ed inclu\u00eddo o desarmamento nuclear.<\/p>\n","protected":false},"author":3,"featured_media":6801,"comment_status":"open","ping_status":"closed","sticky":false,"template":"","format":"standard","meta":{"footnotes":""},"categories":[6,25],"tags":[],"class_list":["post-6791","post","type-post","status-publish","format-standard","has-post-thumbnail","hentry","category-livros","category-seguranca-publica-e-defesa"],"views":415,"_links":{"self":[{"href":"https:\/\/www.bibliotecadeseguranca.com.br\/fr\/wp-json\/wp\/v2\/posts\/6791","targetHints":{"allow":["GET"]}}],"collection":[{"href":"https:\/\/www.bibliotecadeseguranca.com.br\/fr\/wp-json\/wp\/v2\/posts"}],"about":[{"href":"https:\/\/www.bibliotecadeseguranca.com.br\/fr\/wp-json\/wp\/v2\/types\/post"}],"author":[{"embeddable":true,"href":"https:\/\/www.bibliotecadeseguranca.com.br\/fr\/wp-json\/wp\/v2\/users\/3"}],"replies":[{"embeddable":true,"href":"https:\/\/www.bibliotecadeseguranca.com.br\/fr\/wp-json\/wp\/v2\/comments?post=6791"}],"version-history":[{"count":3,"href":"https:\/\/www.bibliotecadeseguranca.com.br\/fr\/wp-json\/wp\/v2\/posts\/6791\/revisions"}],"predecessor-version":[{"id":9725,"href":"https:\/\/www.bibliotecadeseguranca.com.br\/fr\/wp-json\/wp\/v2\/posts\/6791\/revisions\/9725"}],"wp:featuredmedia":[{"embeddable":true,"href":"https:\/\/www.bibliotecadeseguranca.com.br\/fr\/wp-json\/wp\/v2\/media\/6801"}],"wp:attachment":[{"href":"https:\/\/www.bibliotecadeseguranca.com.br\/fr\/wp-json\/wp\/v2\/media?parent=6791"}],"wp:term":[{"taxonomy":"category","embeddable":true,"href":"https:\/\/www.bibliotecadeseguranca.com.br\/fr\/wp-json\/wp\/v2\/categories?post=6791"},{"taxonomy":"post_tag","embeddable":true,"href":"https:\/\/www.bibliotecadeseguranca.com.br\/fr\/wp-json\/wp\/v2\/tags?post=6791"}],"curies":[{"name":"wp","href":"https:\/\/api.w.org\/{rel}","templated":true}]}}