{"id":665,"date":"2012-06-10T19:03:03","date_gmt":"2012-06-10T22:03:03","guid":{"rendered":"http:\/\/www.bibliotecadeseguranca.com.br\/fr\/?p=665"},"modified":"2014-12-31T01:48:25","modified_gmt":"2014-12-31T04:48:25","slug":"transformacao-na-seguranca-eletronica-estrategias-e-gestao-da-defesa-digital","status":"publish","type":"post","link":"https:\/\/www.bibliotecadeseguranca.com.br\/fr\/livros\/transformacao-na-seguranca-eletronica-estrategias-e-gestao-da-defesa-digital\/","title":{"rendered":"Transforma\u00e7\u00e3o na Seguran\u00e7a Eletr\u00f4nica &#8211; Estrat\u00e9gias e Gest\u00e3o da Defesa Digital"},"content":{"rendered":"<p><strong><img loading=\"lazy\" decoding=\"async\" class=\"alignleft size-full wp-image-666\" alt=\"\" src=\"http:\/\/www.bibliotecadeseguranca.com.br\/fr\/wp-content\/uploads\/2011\/02\/transformacao-na-seguranca-eletronica-estrategias-e-gestao-da-defesa-digital.jpg\" width=\"128\" height=\"189\" srcset=\"https:\/\/www.bibliotecadeseguranca.com.br\/fr\/wp-content\/uploads\/2011\/02\/transformacao-na-seguranca-eletronica-estrategias-e-gestao-da-defesa-digital.jpg 128w, https:\/\/www.bibliotecadeseguranca.com.br\/fr\/wp-content\/uploads\/2011\/02\/transformacao-na-seguranca-eletronica-estrategias-e-gestao-da-defesa-digital-101x150.jpg 101w\" sizes=\"auto, (max-width: 128px) 100vw, 128px\" \/><span style=\"color: #003366;\">Mary Mccarthy e Stuart Campbell<\/span><\/strong><\/p>\n<p><span style=\"color: #003366;\"><strong>Editor Makron<\/strong><\/span><\/p>\n<p style=\"text-align: justify;\"><span style=\"color: #003366;\"><strong>Descripci\u00f3n: <\/strong><\/span>Esta obra \u00e9 destinada aos executivos, oferecendo respostas a quest\u00f5es sobre seguran\u00e7a eletr\u00f4nica. O autor enfatiza o papel da seguran\u00e7a no desenvolvimento da confian\u00e7a, do valor e da fidelidade do cliente, abrindo novas oportunidades, protegendo a marca e evitando preju\u00edzo.<\/p>\n","protected":false},"excerpt":{"rendered":"<p>Mary Mccarthy e Stuart Campbell Editor Makron Descripci\u00f3n: Esta obra \u00e9 destinada aos executivos, oferecendo respostas a quest\u00f5es sobre seguran\u00e7a eletr\u00f4nica. O autor enfatiza o papel da seguran\u00e7a no desenvolvimento da confian\u00e7a, do valor e da fidelidade do cliente, abrindo novas oportunidades, protegendo a marca e evitando preju\u00edzo.<\/p>\n","protected":false},"author":3,"featured_media":666,"comment_status":"open","ping_status":"closed","sticky":false,"template":"","format":"standard","meta":{"footnotes":""},"categories":[23,6,20],"tags":[],"class_list":["post-665","post","type-post","status-publish","format-standard","has-post-thumbnail","hentry","category-gestao-da-seguranca-empresarial","category-livros","category-seguranca-da-informacao"],"views":265,"_links":{"self":[{"href":"https:\/\/www.bibliotecadeseguranca.com.br\/fr\/wp-json\/wp\/v2\/posts\/665","targetHints":{"allow":["GET"]}}],"collection":[{"href":"https:\/\/www.bibliotecadeseguranca.com.br\/fr\/wp-json\/wp\/v2\/posts"}],"about":[{"href":"https:\/\/www.bibliotecadeseguranca.com.br\/fr\/wp-json\/wp\/v2\/types\/post"}],"author":[{"embeddable":true,"href":"https:\/\/www.bibliotecadeseguranca.com.br\/fr\/wp-json\/wp\/v2\/users\/3"}],"replies":[{"embeddable":true,"href":"https:\/\/www.bibliotecadeseguranca.com.br\/fr\/wp-json\/wp\/v2\/comments?post=665"}],"version-history":[{"count":10,"href":"https:\/\/www.bibliotecadeseguranca.com.br\/fr\/wp-json\/wp\/v2\/posts\/665\/revisions"}],"predecessor-version":[{"id":9309,"href":"https:\/\/www.bibliotecadeseguranca.com.br\/fr\/wp-json\/wp\/v2\/posts\/665\/revisions\/9309"}],"wp:featuredmedia":[{"embeddable":true,"href":"https:\/\/www.bibliotecadeseguranca.com.br\/fr\/wp-json\/wp\/v2\/media\/666"}],"wp:attachment":[{"href":"https:\/\/www.bibliotecadeseguranca.com.br\/fr\/wp-json\/wp\/v2\/media?parent=665"}],"wp:term":[{"taxonomy":"category","embeddable":true,"href":"https:\/\/www.bibliotecadeseguranca.com.br\/fr\/wp-json\/wp\/v2\/categories?post=665"},{"taxonomy":"post_tag","embeddable":true,"href":"https:\/\/www.bibliotecadeseguranca.com.br\/fr\/wp-json\/wp\/v2\/tags?post=665"}],"curies":[{"name":"wp","href":"https:\/\/api.w.org\/{rel}","templated":true}]}}