{"id":633,"date":"2012-06-10T18:35:15","date_gmt":"2012-06-10T18:35:15","guid":{"rendered":"http:\/\/www.bibliotecadeseguranca.com.br\/fr\/?p=633"},"modified":"2014-02-06T02:47:44","modified_gmt":"2014-02-06T05:47:44","slug":"gestao-da-seguranca-da-informacao-uma-visao-executiva","status":"publish","type":"post","link":"https:\/\/www.bibliotecadeseguranca.com.br\/fr\/livros\/gestao-da-seguranca-da-informacao-uma-visao-executiva\/","title":{"rendered":"Gest\u00e3o da Seguran\u00e7a da Informa\u00e7\u00e3o &#8211; Uma Vis\u00e3o Executiva"},"content":{"rendered":"<p><strong><img loading=\"lazy\" decoding=\"async\" class=\"alignleft size-full wp-image-634\" alt=\"\" src=\"http:\/\/www.bibliotecadeseguranca.com.br\/fr\/wp-content\/uploads\/2011\/02\/gestao-da-seguranca-da-informacao-uma-visao-executiva.jpg\" width=\"124\" height=\"189\" srcset=\"https:\/\/www.bibliotecadeseguranca.com.br\/fr\/wp-content\/uploads\/2011\/02\/gestao-da-seguranca-da-informacao-uma-visao-executiva.jpg 124w, https:\/\/www.bibliotecadeseguranca.com.br\/fr\/wp-content\/uploads\/2011\/02\/gestao-da-seguranca-da-informacao-uma-visao-executiva-98x150.jpg 98w\" sizes=\"auto, (max-width: 124px) 100vw, 124px\" \/><span style=\"color: #003366;\">Marcos Semola<\/span><\/strong><\/p>\n<p><span style=\"color: #003366;\"><strong>Editor Campus<\/strong><\/span><\/p>\n<p style=\"text-align: justify;\"><span style=\"color: #003366;\"><strong>Descripci\u00f3n: <\/strong><\/span>O autor mostra nesse livro que a Seguran\u00e7a da Informa\u00e7\u00e3o n\u00e3o \u00e9 uma ci\u00eancia exata e sim faz parte do campo da gest\u00e3o de riscos. E para gerir riscos \u00e9 preciso conjugar v\u00e1rios verbos &#8211; Conhecer, Planejar, Agir, Auditar, Educar, Monitorar, Aprender e Gerenciar s\u00e3o apenas alguns deles. O livro apresenta maneiras de gerir a seguran\u00e7a da informa\u00e7\u00e3o controlando os riscos.<\/p>\n","protected":false},"excerpt":{"rendered":"<p>Marcos Semola Editor Campus Descripci\u00f3n: O autor mostra nesse livro que a Seguran\u00e7a da Informa\u00e7\u00e3o n\u00e3o \u00e9 uma ci\u00eancia exata e sim faz parte do campo da gest\u00e3o de riscos. E para gerir riscos \u00e9 preciso conjugar v\u00e1rios verbos &#8211; Conhecer, Planejar, Agir, Auditar, Educar, Monitorar, Aprender e Gerenciar s\u00e3o apenas alguns deles. O livro apresenta maneiras de gerir a seguran\u00e7a da informa\u00e7\u00e3o controlando os riscos.<\/p>\n","protected":false},"author":3,"featured_media":634,"comment_status":"open","ping_status":"closed","sticky":false,"template":"","format":"standard","meta":{"footnotes":""},"categories":[6,20],"tags":[],"class_list":["post-633","post","type-post","status-publish","format-standard","has-post-thumbnail","hentry","category-livros","category-seguranca-da-informacao"],"views":378,"_links":{"self":[{"href":"https:\/\/www.bibliotecadeseguranca.com.br\/fr\/wp-json\/wp\/v2\/posts\/633","targetHints":{"allow":["GET"]}}],"collection":[{"href":"https:\/\/www.bibliotecadeseguranca.com.br\/fr\/wp-json\/wp\/v2\/posts"}],"about":[{"href":"https:\/\/www.bibliotecadeseguranca.com.br\/fr\/wp-json\/wp\/v2\/types\/post"}],"author":[{"embeddable":true,"href":"https:\/\/www.bibliotecadeseguranca.com.br\/fr\/wp-json\/wp\/v2\/users\/3"}],"replies":[{"embeddable":true,"href":"https:\/\/www.bibliotecadeseguranca.com.br\/fr\/wp-json\/wp\/v2\/comments?post=633"}],"version-history":[{"count":7,"href":"https:\/\/www.bibliotecadeseguranca.com.br\/fr\/wp-json\/wp\/v2\/posts\/633\/revisions"}],"predecessor-version":[{"id":9301,"href":"https:\/\/www.bibliotecadeseguranca.com.br\/fr\/wp-json\/wp\/v2\/posts\/633\/revisions\/9301"}],"wp:featuredmedia":[{"embeddable":true,"href":"https:\/\/www.bibliotecadeseguranca.com.br\/fr\/wp-json\/wp\/v2\/media\/634"}],"wp:attachment":[{"href":"https:\/\/www.bibliotecadeseguranca.com.br\/fr\/wp-json\/wp\/v2\/media?parent=633"}],"wp:term":[{"taxonomy":"category","embeddable":true,"href":"https:\/\/www.bibliotecadeseguranca.com.br\/fr\/wp-json\/wp\/v2\/categories?post=633"},{"taxonomy":"post_tag","embeddable":true,"href":"https:\/\/www.bibliotecadeseguranca.com.br\/fr\/wp-json\/wp\/v2\/tags?post=633"}],"curies":[{"name":"wp","href":"https:\/\/api.w.org\/{rel}","templated":true}]}}