{"id":6321,"date":"2012-12-27T00:27:46","date_gmt":"2012-12-27T00:27:46","guid":{"rendered":"http:\/\/www.bibliotecadeseguranca.com.br\/fr\/?p=6321"},"modified":"2014-02-06T00:37:37","modified_gmt":"2014-02-06T03:37:37","slug":"tecnologia-da-informacao-integrada-a-inteligencia-empresarial","status":"publish","type":"post","link":"https:\/\/www.bibliotecadeseguranca.com.br\/fr\/livros\/tecnologia-da-informacao-integrada-a-inteligencia-empresarial\/","title":{"rendered":"Tecnologia da Informa\u00e7\u00e3o &#8211; Integrada \u00e0 Intelig\u00eancia Empresarial"},"content":{"rendered":"<p><strong><img loading=\"lazy\" decoding=\"async\" class=\"alignleft size-full wp-image-6331\" title=\"Tecnologia da Informa\u00e7\u00e3o - Integrada \u00e0 Intelig\u00eancia Empresarial\" alt=\"\" src=\"http:\/\/www.bibliotecadeseguranca.com.br\/fr\/wp-content\/uploads\/2012\/12\/tecnologia-da-informacao-integrada-a-inteligencia-empresarial.jpg\" width=\"145\" height=\"206\" srcset=\"https:\/\/www.bibliotecadeseguranca.com.br\/fr\/wp-content\/uploads\/2012\/12\/tecnologia-da-informacao-integrada-a-inteligencia-empresarial.jpg 145w, https:\/\/www.bibliotecadeseguranca.com.br\/fr\/wp-content\/uploads\/2012\/12\/tecnologia-da-informacao-integrada-a-inteligencia-empresarial-105x150.jpg 105w\" sizes=\"auto, (max-width: 145px) 100vw, 145px\" \/><span style=\"color: #003366;\">Denis Alcides Rezende<\/span><\/strong><\/p>\n<p><span style=\"color: #003366;\"><strong>Editor Atlas<\/strong><\/span><\/p>\n<p><span style=\"color: #003366;\"><strong>Descripci\u00f3n:<\/strong><\/span>Relata sobre o desafio emergente das organiza\u00e7\u00f5es na identifica\u00e7\u00e3o dos recursos sustentadores do alinhamento do Planejamento Estrat\u00e9gico da Tecnologia da Informa\u00e7\u00e3o ao Planejamento Estrat\u00e9gico Empresarial.<\/p>\n<p>O referido alinhamento da Tecnologia da Informa\u00e7\u00e3o ao neg\u00f3cio empresarial foi avaliado por meio de uma pesquisa nas organiza\u00e7\u00f5es com a participa\u00e7\u00e3o efetiva dos CEOs (Chief Executive Officer) e dos CIOs (Chief Information Officer).<\/p>\n<p>O modelo de alinhamento proposto envolve quatro construtos inter-relacionados: tecnologia da informa\u00e7\u00e3o e seus emergentes recursos; sistemas de informa\u00e7\u00e3o e do conhecimento; pessoas e suas compet\u00eancias; e contexto organizacional ou infra-estrutura da empresa.<\/p>\n<p>Est\u00e1 transcrita nessa obra grande parte das experi\u00eancias vivenciadas do autor adquiridas desde 1980 nas pesquisas acad\u00eamicas, em sala de aula e nos projetos de consultoria em empresas de diversos segmentos de neg\u00f3cios.<\/p>\n<p>Resgata a vis\u00e3o moderna do planejamento da Tecnologia da Informa\u00e7\u00e3o alinhado ao neg\u00f3cio empresarial, reiterando a import\u00e2ncia dessa integra\u00e7\u00e3o nas organiza\u00e7\u00f5es e apontando fatos que podem facilitar a gest\u00e3o de organiza\u00e7\u00f5es competitivas e inteligentes.<\/p>\n","protected":false},"excerpt":{"rendered":"<p>Denis Alcides Rezende Editor Atlas Descripci\u00f3n:Relata sobre o desafio emergente das organiza\u00e7\u00f5es na identifica\u00e7\u00e3o dos recursos sustentadores do alinhamento do Planejamento Estrat\u00e9gico da Tecnologia da Informa\u00e7\u00e3o ao Planejamento Estrat\u00e9gico Empresarial. O referido alinhamento da Tecnologia da Informa\u00e7\u00e3o ao neg\u00f3cio empresarial foi avaliado por meio de uma pesquisa nas organiza\u00e7\u00f5es com a participa\u00e7\u00e3o efetiva dos CEOs (Chief Executive Officer) e dos CIOs (Chief Information Officer). O modelo de alinhamento proposto envolve&hellip; <\/p>\n","protected":false},"author":3,"featured_media":6331,"comment_status":"open","ping_status":"closed","sticky":false,"template":"","format":"standard","meta":{"footnotes":""},"categories":[14,30,6],"tags":[],"class_list":["post-6321","post","type-post","status-publish","format-standard","has-post-thumbnail","hentry","category-administracao-e-estrategia-empresarial","category-espionagem-e-inteligencia-competitiva","category-livros"],"views":352,"_links":{"self":[{"href":"https:\/\/www.bibliotecadeseguranca.com.br\/fr\/wp-json\/wp\/v2\/posts\/6321","targetHints":{"allow":["GET"]}}],"collection":[{"href":"https:\/\/www.bibliotecadeseguranca.com.br\/fr\/wp-json\/wp\/v2\/posts"}],"about":[{"href":"https:\/\/www.bibliotecadeseguranca.com.br\/fr\/wp-json\/wp\/v2\/types\/post"}],"author":[{"embeddable":true,"href":"https:\/\/www.bibliotecadeseguranca.com.br\/fr\/wp-json\/wp\/v2\/users\/3"}],"replies":[{"embeddable":true,"href":"https:\/\/www.bibliotecadeseguranca.com.br\/fr\/wp-json\/wp\/v2\/comments?post=6321"}],"version-history":[{"count":4,"href":"https:\/\/www.bibliotecadeseguranca.com.br\/fr\/wp-json\/wp\/v2\/posts\/6321\/revisions"}],"predecessor-version":[{"id":9699,"href":"https:\/\/www.bibliotecadeseguranca.com.br\/fr\/wp-json\/wp\/v2\/posts\/6321\/revisions\/9699"}],"wp:featuredmedia":[{"embeddable":true,"href":"https:\/\/www.bibliotecadeseguranca.com.br\/fr\/wp-json\/wp\/v2\/media\/6331"}],"wp:attachment":[{"href":"https:\/\/www.bibliotecadeseguranca.com.br\/fr\/wp-json\/wp\/v2\/media?parent=6321"}],"wp:term":[{"taxonomy":"category","embeddable":true,"href":"https:\/\/www.bibliotecadeseguranca.com.br\/fr\/wp-json\/wp\/v2\/categories?post=6321"},{"taxonomy":"post_tag","embeddable":true,"href":"https:\/\/www.bibliotecadeseguranca.com.br\/fr\/wp-json\/wp\/v2\/tags?post=6321"}],"curies":[{"name":"wp","href":"https:\/\/api.w.org\/{rel}","templated":true}]}}