{"id":6081,"date":"2012-12-17T19:08:46","date_gmt":"2012-12-17T19:08:46","guid":{"rendered":"http:\/\/www.bibliotecadeseguranca.com.br\/fr\/?p=6081"},"modified":"2014-02-06T00:36:23","modified_gmt":"2014-02-06T03:36:23","slug":"comunidades-blindadas-informacao-uma-arma-eficaz-contra-a-violencia","status":"publish","type":"post","link":"https:\/\/www.bibliotecadeseguranca.com.br\/fr\/livros\/comunidades-blindadas-informacao-uma-arma-eficaz-contra-a-violencia\/","title":{"rendered":"Comunidades Blindadas &#8211; Informa\u00e7\u00e3o &#8211; Uma Arma Eficaz Contra a Viol\u00eancia"},"content":{"rendered":"<p><img loading=\"lazy\" decoding=\"async\" class=\"alignleft size-full wp-image-6091\" title=\"Comunidades Blindadas - Informa\u00e7\u00e3o - Uma Arma Eficaz Contra a Viol\u00eancia\" alt=\"\" src=\"http:\/\/www.bibliotecadeseguranca.com.br\/fr\/wp-content\/uploads\/2012\/12\/comunidades-blindadas-informacao-uma-arma-eficaz-contra-a-violencia.jpg\" width=\"145\" height=\"218\" srcset=\"https:\/\/www.bibliotecadeseguranca.com.br\/fr\/wp-content\/uploads\/2012\/12\/comunidades-blindadas-informacao-uma-arma-eficaz-contra-a-violencia.jpg 145w, https:\/\/www.bibliotecadeseguranca.com.br\/fr\/wp-content\/uploads\/2012\/12\/comunidades-blindadas-informacao-uma-arma-eficaz-contra-a-violencia-99x150.jpg 99w\" sizes=\"auto, (max-width: 145px) 100vw, 145px\" \/><span style=\"color: #003366;\"><strong>Fl\u00e1vio Jackson Ferreira Santiago<\/strong><\/span><\/p>\n<p><span style=\"color: #003366;\"><strong>Editor Ramalivros<\/strong><\/span><\/p>\n<p><span style=\"color: #003366;\"><strong>Descripci\u00f3n:<\/strong><\/span> A obra fala sobre a participa\u00e7\u00e3o e envolvimento como condi\u00e7\u00f5es para que os seres humanos possam conviver harmonicamente e resolver seus problemas de forma n\u00e3o violenta. Segundo o autor, &#8220;n\u00e3o h\u00e1 espa\u00e7o para ego\u00edsmo, nem tampouco para a vaidade na resolu\u00e7\u00e3o de problemas. N\u00e3o somos, n\u00f3s estamos. E, se estamos, devemos construir uma grandeza que n\u00e3o \u00e9 nossa, pois o que constru\u00edmos, alicer\u00e7ados pela vontade de promover o bem, \u00e9 edificado e conservado no processo de desenvolvimento de nossa sociedade&#8221;.<\/p>\n<p>&#8220;H\u00e1 muito que uma ind\u00fastria poderosa vem-se instalando no Pa\u00eds: a ind\u00fastria do medo. Ela atua em nossa sociedade fomentando, a cada dia, a m\u00e1cula do desespero, da viol\u00eancia e algumas pessoas acabam por corroborar para o crescimento dela&#8221;, ressalta o autor, para, em seguida, acrescentar: &#8220;\u00c9 hora de enfrentar esse monstro que assola a Humanidade, atrav\u00e9s da uni\u00e3o de esfor\u00e7os, da aplica\u00e7\u00e3o de medidas de autoprote\u00e7\u00e3o, do fomento ao processo de media\u00e7\u00e3o de conflitos e no realinhamento de uma arquitetura contra o crime, al\u00e9m do trato com a not\u00edcia de uma forma \u00e9tica e construtora de cen\u00e1rios.&#8221;<\/p>\n<p>O Comunidades Blindadas tra\u00e7a um paralelo entre esses mundos e oferece a possibilidade de conhecer um pouco mais do estado de flagr\u00e2ncia, por meio de hist\u00f3rias ver\u00eddicas e fict\u00edcias. O livro fala, ainda, da exclus\u00e3o social sem roupagem, o que aproxima os cidad\u00e3os de uma participa\u00e7\u00e3o mais envolvente com as quest\u00f5es coletivas.<\/p>\n<p>Tamb\u00e9m promulga teorias que poder\u00e3o ser utilizadas e discutidas nos bancos universit\u00e1rios e ber\u00e7os do saber. &#8220;Al\u00e9m disso, \u00e9 uma leitura gostosa e rom\u00e2ntica&#8221;, garante o tamb\u00e9m escritor mineiro e membro da Academia de Letras do Tri\u00e2ngulo Mineiro e autor do livro O Andarilho, Jo\u00e3o Eur\u00edpedes Sabino. O pref\u00e1cio do livro ficou por conta do advogado e ex-secret\u00e1rio de Defesa Social, Maur\u00edcio Campos J\u00fanior.<\/p>\n","protected":false},"excerpt":{"rendered":"<p>Fl\u00e1vio Jackson Ferreira Santiago Editor Ramalivros Descripci\u00f3n: A obra fala sobre a participa\u00e7\u00e3o e envolvimento como condi\u00e7\u00f5es para que os seres humanos possam conviver harmonicamente e resolver seus problemas de forma n\u00e3o violenta. Segundo o autor, &#8220;n\u00e3o h\u00e1 espa\u00e7o para ego\u00edsmo, nem tampouco para a vaidade na resolu\u00e7\u00e3o de problemas. N\u00e3o somos, n\u00f3s estamos. E, se estamos, devemos construir uma grandeza que n\u00e3o \u00e9 nossa, pois o que constru\u00edmos, alicer\u00e7ados&hellip; <\/p>\n","protected":false},"author":3,"featured_media":6091,"comment_status":"open","ping_status":"closed","sticky":false,"template":"","format":"standard","meta":{"footnotes":""},"categories":[10,6,25],"tags":[],"class_list":["post-6081","post","type-post","status-publish","format-standard","has-post-thumbnail","hentry","category-crime-violencia-e-criminologia","category-livros","category-seguranca-publica-e-defesa"],"views":308,"_links":{"self":[{"href":"https:\/\/www.bibliotecadeseguranca.com.br\/fr\/wp-json\/wp\/v2\/posts\/6081","targetHints":{"allow":["GET"]}}],"collection":[{"href":"https:\/\/www.bibliotecadeseguranca.com.br\/fr\/wp-json\/wp\/v2\/posts"}],"about":[{"href":"https:\/\/www.bibliotecadeseguranca.com.br\/fr\/wp-json\/wp\/v2\/types\/post"}],"author":[{"embeddable":true,"href":"https:\/\/www.bibliotecadeseguranca.com.br\/fr\/wp-json\/wp\/v2\/users\/3"}],"replies":[{"embeddable":true,"href":"https:\/\/www.bibliotecadeseguranca.com.br\/fr\/wp-json\/wp\/v2\/comments?post=6081"}],"version-history":[{"count":3,"href":"https:\/\/www.bibliotecadeseguranca.com.br\/fr\/wp-json\/wp\/v2\/posts\/6081\/revisions"}],"predecessor-version":[{"id":9692,"href":"https:\/\/www.bibliotecadeseguranca.com.br\/fr\/wp-json\/wp\/v2\/posts\/6081\/revisions\/9692"}],"wp:featuredmedia":[{"embeddable":true,"href":"https:\/\/www.bibliotecadeseguranca.com.br\/fr\/wp-json\/wp\/v2\/media\/6091"}],"wp:attachment":[{"href":"https:\/\/www.bibliotecadeseguranca.com.br\/fr\/wp-json\/wp\/v2\/media?parent=6081"}],"wp:term":[{"taxonomy":"category","embeddable":true,"href":"https:\/\/www.bibliotecadeseguranca.com.br\/fr\/wp-json\/wp\/v2\/categories?post=6081"},{"taxonomy":"post_tag","embeddable":true,"href":"https:\/\/www.bibliotecadeseguranca.com.br\/fr\/wp-json\/wp\/v2\/tags?post=6081"}],"curies":[{"name":"wp","href":"https:\/\/api.w.org\/{rel}","templated":true}]}}