{"id":5641,"date":"2012-12-16T10:54:05","date_gmt":"2012-12-16T13:54:05","guid":{"rendered":"http:\/\/www.bibliotecadeseguranca.com.br\/fr\/?p=5641"},"modified":"2014-11-11T19:48:12","modified_gmt":"2014-11-11T22:48:12","slug":"negros-e-mesticos-nas-milicias-da-america-portuguesa","status":"publish","type":"post","link":"https:\/\/www.bibliotecadeseguranca.com.br\/fr\/livros\/negros-e-mesticos-nas-milicias-da-america-portuguesa\/","title":{"rendered":"Negros e Mesti\u00e7os nas Mil\u00edcias da Am\u00e9rica Portuguesa"},"content":{"rendered":"<p><img loading=\"lazy\" decoding=\"async\" class=\"alignleft size-full wp-image-5651\" title=\"Negros e Mesti\u00e7os nas Mil\u00edcias da Am\u00e9rica Portuguesa\" alt=\"\" src=\"http:\/\/www.bibliotecadeseguranca.com.br\/fr\/wp-content\/uploads\/2012\/12\/negros-e-mesticos-nas-milicias-da-america-portuguesa.jpg\" width=\"150\" height=\"226\" srcset=\"https:\/\/www.bibliotecadeseguranca.com.br\/fr\/wp-content\/uploads\/2012\/12\/negros-e-mesticos-nas-milicias-da-america-portuguesa.jpg 150w, https:\/\/www.bibliotecadeseguranca.com.br\/fr\/wp-content\/uploads\/2012\/12\/negros-e-mesticos-nas-milicias-da-america-portuguesa-99x150.jpg 99w\" sizes=\"auto, (max-width: 150px) 100vw, 150px\" \/><span style=\"color: #003366;\"><strong>Francis Albert Cotta<\/strong><\/span><\/p>\n<p><span style=\"color: #003366;\"><strong>Editor Cris\u00e1lida<\/strong><\/span><\/p>\n<p><span style=\"color: #003366;\"><strong>Descripci\u00f3n:<\/strong><\/span> O livro parte da proposi\u00e7\u00e3o de que parte significativa de africanos e seus descendentes atuaram decisivamente na forma\u00e7\u00e3o do Novo Mundo por interm\u00e9dio de sua inser\u00e7\u00e3o, volunt\u00e1ria ou compuls\u00f3ria, nos corpos militares.<\/p>\n<p>Numa sociedade marcada pela perspectiva b\u00e9lica, negros e mesti\u00e7os optaram por se dedicar aos dom\u00ednios de Marte e\/ou de Ogum (\u00f2g\u00fan). Suas formas de inser\u00e7\u00e3o no Universo Militar variavam no tempo e no espa\u00e7o.<\/p>\n<p>Alguns se fizeram \u201cbons e leais vassalos militares de Sua Majestade\u201d. Seus conhecimentos da arte da guerra, adquiridos na \u00c1frica ou transmitidos por seus antepassados, foram utilizados na manuten\u00e7\u00e3o das possess\u00f5es portuguesas bem como na implementa\u00e7\u00e3o das Pol\u00edticas da Ordem na Am\u00e9rica Portuguesa. Assim, alguns se tornaram c\u00e9lebres pela defesa dos interesses da Coroa portuguesa. Entretanto, existiam aqueles que, motivados por interesses pessoais ou coletivos, esbo\u00e7aram mobiliza\u00e7\u00f5es que permitem desconstruir o estere\u00f3tipo da domina\u00e7\u00e3o e da resigna\u00e7\u00e3o.<\/p>\n<p>Inseridos em um ambiente tenso, marcado por desconfian\u00e7as e medo, alguns utilizaram estrat\u00e9gias de convencimento e negocia\u00e7\u00e3o para mostrarem aos governantes e mesmo ao rei as suas op\u00e7\u00f5es e aspira\u00e7\u00f5es.<\/p>\n","protected":false},"excerpt":{"rendered":"<p>Francis Albert Cotta Editor Cris\u00e1lida Descripci\u00f3n: O livro parte da proposi\u00e7\u00e3o de que parte significativa de africanos e seus descendentes atuaram decisivamente na forma\u00e7\u00e3o do Novo Mundo por interm\u00e9dio de sua inser\u00e7\u00e3o, volunt\u00e1ria ou compuls\u00f3ria, nos corpos militares. Numa sociedade marcada pela perspectiva b\u00e9lica, negros e mesti\u00e7os optaram por se dedicar aos dom\u00ednios de Marte e\/ou de Ogum (\u00f2g\u00fan). Suas formas de inser\u00e7\u00e3o no Universo Militar variavam no tempo e&hellip; <\/p>\n","protected":false},"author":3,"featured_media":5651,"comment_status":"open","ping_status":"closed","sticky":false,"template":"","format":"standard","meta":{"footnotes":""},"categories":[26,6,25],"tags":[],"class_list":["post-5641","post","type-post","status-publish","format-standard","has-post-thumbnail","hentry","category-outros","category-livros","category-seguranca-publica-e-defesa"],"views":315,"_links":{"self":[{"href":"https:\/\/www.bibliotecadeseguranca.com.br\/fr\/wp-json\/wp\/v2\/posts\/5641","targetHints":{"allow":["GET"]}}],"collection":[{"href":"https:\/\/www.bibliotecadeseguranca.com.br\/fr\/wp-json\/wp\/v2\/posts"}],"about":[{"href":"https:\/\/www.bibliotecadeseguranca.com.br\/fr\/wp-json\/wp\/v2\/types\/post"}],"author":[{"embeddable":true,"href":"https:\/\/www.bibliotecadeseguranca.com.br\/fr\/wp-json\/wp\/v2\/users\/3"}],"replies":[{"embeddable":true,"href":"https:\/\/www.bibliotecadeseguranca.com.br\/fr\/wp-json\/wp\/v2\/comments?post=5641"}],"version-history":[{"count":3,"href":"https:\/\/www.bibliotecadeseguranca.com.br\/fr\/wp-json\/wp\/v2\/posts\/5641\/revisions"}],"predecessor-version":[{"id":9689,"href":"https:\/\/www.bibliotecadeseguranca.com.br\/fr\/wp-json\/wp\/v2\/posts\/5641\/revisions\/9689"}],"wp:featuredmedia":[{"embeddable":true,"href":"https:\/\/www.bibliotecadeseguranca.com.br\/fr\/wp-json\/wp\/v2\/media\/5651"}],"wp:attachment":[{"href":"https:\/\/www.bibliotecadeseguranca.com.br\/fr\/wp-json\/wp\/v2\/media?parent=5641"}],"wp:term":[{"taxonomy":"category","embeddable":true,"href":"https:\/\/www.bibliotecadeseguranca.com.br\/fr\/wp-json\/wp\/v2\/categories?post=5641"},{"taxonomy":"post_tag","embeddable":true,"href":"https:\/\/www.bibliotecadeseguranca.com.br\/fr\/wp-json\/wp\/v2\/tags?post=5641"}],"curies":[{"name":"wp","href":"https:\/\/api.w.org\/{rel}","templated":true}]}}