{"id":5611,"date":"2012-12-16T10:51:21","date_gmt":"2012-12-16T10:51:21","guid":{"rendered":"http:\/\/www.bibliotecadeseguranca.com.br\/fr\/?p=5611"},"modified":"2014-02-06T00:36:42","modified_gmt":"2014-02-06T03:36:42","slug":"entendendo-a-nossa-inseguranca","status":"publish","type":"post","link":"https:\/\/www.bibliotecadeseguranca.com.br\/fr\/livros\/entendendo-a-nossa-inseguranca\/","title":{"rendered":"Entendendo a Nossa Inseguran\u00e7a"},"content":{"rendered":"<p><img loading=\"lazy\" decoding=\"async\" class=\"alignleft size-full wp-image-5621\" title=\"Entendendo a Nossa Inseguran\u00e7a\" alt=\"\" src=\"http:\/\/www.bibliotecadeseguranca.com.br\/fr\/wp-content\/uploads\/2012\/12\/entendendo-a-nossa-inseguranca.jpg\" width=\"150\" height=\"200\" srcset=\"https:\/\/www.bibliotecadeseguranca.com.br\/fr\/wp-content\/uploads\/2012\/12\/entendendo-a-nossa-inseguranca.jpg 150w, https:\/\/www.bibliotecadeseguranca.com.br\/fr\/wp-content\/uploads\/2012\/12\/entendendo-a-nossa-inseguranca-112x150.jpg 112w\" sizes=\"auto, (max-width: 150px) 100vw, 150px\" \/><span style=\"color: #003366;\"><strong>L\u00facio Em\u00edlio do Esp\u00edrito Santo e Amauri Meireles<\/strong><\/span><\/p>\n<p><span style=\"color: #003366;\"><strong>Editor Instituto Brasileiro de Policiologia<\/strong><\/span><\/p>\n<p><span style=\"color: #003366;\"><strong>Descripci\u00f3n:<\/strong><\/span> As ra\u00edzes da inseguran\u00e7a na sociedade brasileira contempor\u00e2nea est\u00e3o na viol\u00eancia da exclus\u00e3o social e na viol\u00eancia subjacente \u00e0 criminalidade sem controle.<\/p>\n<p>Atrav\u00e9s da vis\u00e3o policiol\u00f3gica, que n\u00e3o coincide necessariamente com a vis\u00e3o das ci\u00eancias sociais e jur\u00eddicas, os autores apresentam uma tipologia das amea\u00e7as que rondam o ser humano e formas de seu enfrentamento pelo Estado e pelas comunidades. O ineficiente sistema de defesa social brasileiro padece de excessivo centralismo, exclui o munic\u00edpio, gera a compartimenta\u00e7\u00e3o dos \u00f3rg\u00e3os e n\u00e3o consegue se livrar da concep\u00e7\u00e3o inquisitorial e militarista da prote\u00e7\u00e3o social. Escrito em linguagem acess\u00edvel ao p\u00fablico em geral, o livro tamb\u00e9m atende \u00e0s necessidades de polici\u00f3logos, cientistas sociais, pol\u00edticos,juristas, operadores do Direito, formuladores de pol\u00edticas p\u00fablicas e outros interessados em compreender e melhor combater nefasto fen\u00f4meno da inseguran\u00e7a.<\/p>\n","protected":false},"excerpt":{"rendered":"<p>L\u00facio Em\u00edlio do Esp\u00edrito Santo e Amauri Meireles Editor Instituto Brasileiro de Policiologia Descripci\u00f3n: As ra\u00edzes da inseguran\u00e7a na sociedade brasileira contempor\u00e2nea est\u00e3o na viol\u00eancia da exclus\u00e3o social e na viol\u00eancia subjacente \u00e0 criminalidade sem controle. Atrav\u00e9s da vis\u00e3o policiol\u00f3gica, que n\u00e3o coincide necessariamente com a vis\u00e3o das ci\u00eancias sociais e jur\u00eddicas, os autores apresentam uma tipologia das amea\u00e7as que rondam o ser humano e formas de seu enfrentamento pelo&hellip; <\/p>\n","protected":false},"author":3,"featured_media":5621,"comment_status":"open","ping_status":"closed","sticky":false,"template":"","format":"standard","meta":{"footnotes":""},"categories":[6,25],"tags":[],"class_list":["post-5611","post","type-post","status-publish","format-standard","has-post-thumbnail","hentry","category-livros","category-seguranca-publica-e-defesa"],"views":267,"_links":{"self":[{"href":"https:\/\/www.bibliotecadeseguranca.com.br\/fr\/wp-json\/wp\/v2\/posts\/5611","targetHints":{"allow":["GET"]}}],"collection":[{"href":"https:\/\/www.bibliotecadeseguranca.com.br\/fr\/wp-json\/wp\/v2\/posts"}],"about":[{"href":"https:\/\/www.bibliotecadeseguranca.com.br\/fr\/wp-json\/wp\/v2\/types\/post"}],"author":[{"embeddable":true,"href":"https:\/\/www.bibliotecadeseguranca.com.br\/fr\/wp-json\/wp\/v2\/users\/3"}],"replies":[{"embeddable":true,"href":"https:\/\/www.bibliotecadeseguranca.com.br\/fr\/wp-json\/wp\/v2\/comments?post=5611"}],"version-history":[{"count":3,"href":"https:\/\/www.bibliotecadeseguranca.com.br\/fr\/wp-json\/wp\/v2\/posts\/5611\/revisions"}],"predecessor-version":[{"id":9688,"href":"https:\/\/www.bibliotecadeseguranca.com.br\/fr\/wp-json\/wp\/v2\/posts\/5611\/revisions\/9688"}],"wp:featuredmedia":[{"embeddable":true,"href":"https:\/\/www.bibliotecadeseguranca.com.br\/fr\/wp-json\/wp\/v2\/media\/5621"}],"wp:attachment":[{"href":"https:\/\/www.bibliotecadeseguranca.com.br\/fr\/wp-json\/wp\/v2\/media?parent=5611"}],"wp:term":[{"taxonomy":"category","embeddable":true,"href":"https:\/\/www.bibliotecadeseguranca.com.br\/fr\/wp-json\/wp\/v2\/categories?post=5611"},{"taxonomy":"post_tag","embeddable":true,"href":"https:\/\/www.bibliotecadeseguranca.com.br\/fr\/wp-json\/wp\/v2\/tags?post=5611"}],"curies":[{"name":"wp","href":"https:\/\/api.w.org\/{rel}","templated":true}]}}