{"id":560,"date":"2012-06-10T17:52:57","date_gmt":"2012-06-10T20:52:57","guid":{"rendered":"http:\/\/www.bibliotecadeseguranca.com.br\/fr\/?p=560"},"modified":"2014-12-31T01:48:54","modified_gmt":"2014-12-31T04:48:54","slug":"inteligencia-estrategica-os-olhos-de-argos","status":"publish","type":"post","link":"https:\/\/www.bibliotecadeseguranca.com.br\/fr\/livros\/inteligencia-estrategica-os-olhos-de-argos\/","title":{"rendered":"Intelig\u00eancia Estrat\u00e9gica &#8211; Os Olhos de Argos"},"content":{"rendered":"<p><strong><img loading=\"lazy\" decoding=\"async\" class=\"alignleft size-full wp-image-1881\" title=\"olhos de argos\" alt=\"\" src=\"http:\/\/www.bibliotecadeseguranca.com.br\/fr\/wp-content\/uploads\/2011\/08\/inteligencia-estrategica-os-olhos-de-argos.jpg\" width=\"127\" height=\"179\" srcset=\"https:\/\/www.bibliotecadeseguranca.com.br\/fr\/wp-content\/uploads\/2011\/08\/inteligencia-estrategica-os-olhos-de-argos.jpg 127w, https:\/\/www.bibliotecadeseguranca.com.br\/fr\/wp-content\/uploads\/2011\/08\/inteligencia-estrategica-os-olhos-de-argos-106x150.jpg 106w\" sizes=\"auto, (max-width: 127px) 100vw, 127px\" \/><span style=\"color: #003366;\">Antonio Vandir de Freitas Lima, Miguel Lucena Filho e Robson Jos\u00e9 de Macedo Gon\u00e7alves<\/span><\/strong><\/p>\n<p><span style=\"color: #003366;\"><strong>Editor do Autor<\/strong><\/span><\/p>\n<p style=\"text-align: justify;\"><span style=\"color: #003366;\"><strong>Descripci\u00f3n: <\/strong><\/span>&#8220;O papel da Intelig\u00eancia na atualidade est\u00e1 diretamente relacionado ao seu grau de envolvimento com as institui\u00e7\u00f5es democr\u00e1ticas. A Intelig\u00eancia deve provar sua capacidade de funcionamento dentro dos moldes do Estado Democr\u00e1tico de Direito. Deve ser uma Institui\u00e7\u00e3o republicana e democr\u00e1tica; sem destoar das demais, capaz de deixar isso transparente para a opini\u00e3o p\u00fablica \u2013 livrar-se do estigma que lhe foi legado. Essa constru\u00e7\u00e3o da nova imagem da Intelig\u00eancia deve ocorrer de dentro para fora; n\u00e3o se pode querer que a sociedade mude de opini\u00e3o sem ter havido, antes, uma reformula\u00e7\u00e3o profunda de seu papel dentro do processo de redemocratiza\u00e7\u00e3o do pa\u00eds.&#8221;<br \/>\nAntonio Vandir de Freitas Lima<\/p>\n<p style=\"text-align: justify;\">&#8220;A cria\u00e7\u00e3o de mecanismos de controle da atividade de Intelig\u00eancia \u00e9, de certa forma, uma imposi\u00e7\u00e3o da sociedade que visa minimizar ou mesmo impedir o uso pol\u00edtico dos servi\u00e7os de Intelig\u00eancia, por\u00e9m nem sempre estes controles s\u00e3o efetivos e a fr\u00e1gil barreira \u00e9tica que impede o desvirtuamento da atividade de Intelig\u00eancia \u00e9 por vezes rompida.&#8221;<br \/>\nRobson Jos\u00e9 de Macedo Gon\u00e7alves<\/p>\n<p>&#8220;Pensar a \u00e1rea de comunica\u00e7\u00e3o de forma estrat\u00e9gica \u00e9 n\u00e3o reduzi-la a uma mera se\u00e7\u00e3o de produ\u00e7\u00e3o de releases \u00e0 Imprensa, mas al\u00e7\u00e1-la \u00e0 condi\u00e7\u00e3o de co-participante do processo decis\u00f3rio. Na arte da guerra, da pol\u00edtica e dos neg\u00f3cios, a comunica\u00e7\u00e3o \u00e9 requisito indispens\u00e1vel para o \u00eaxito de uma estrat\u00e9gia.&#8221;<br \/>\nMiguel Lucena Filho<\/p>\n","protected":false},"excerpt":{"rendered":"<p>Antonio Vandir de Freitas Lima, Miguel Lucena Filho e Robson Jos\u00e9 de Macedo Gon\u00e7alves Editor do Autor Descripci\u00f3n: &#8220;O papel da Intelig\u00eancia na atualidade est\u00e1 diretamente relacionado ao seu grau de envolvimento com as institui\u00e7\u00f5es democr\u00e1ticas. A Intelig\u00eancia deve provar sua capacidade de funcionamento dentro dos moldes do Estado Democr\u00e1tico de Direito. Deve ser uma Institui\u00e7\u00e3o republicana e democr\u00e1tica; sem destoar das demais, capaz de deixar isso transparente para a&hellip; <\/p>\n","protected":false},"author":3,"featured_media":1881,"comment_status":"open","ping_status":"closed","sticky":false,"template":"","format":"standard","meta":{"footnotes":""},"categories":[23,6],"tags":[],"class_list":["post-560","post","type-post","status-publish","format-standard","has-post-thumbnail","hentry","category-gestao-da-seguranca-empresarial","category-livros"],"views":277,"_links":{"self":[{"href":"https:\/\/www.bibliotecadeseguranca.com.br\/fr\/wp-json\/wp\/v2\/posts\/560","targetHints":{"allow":["GET"]}}],"collection":[{"href":"https:\/\/www.bibliotecadeseguranca.com.br\/fr\/wp-json\/wp\/v2\/posts"}],"about":[{"href":"https:\/\/www.bibliotecadeseguranca.com.br\/fr\/wp-json\/wp\/v2\/types\/post"}],"author":[{"embeddable":true,"href":"https:\/\/www.bibliotecadeseguranca.com.br\/fr\/wp-json\/wp\/v2\/users\/3"}],"replies":[{"embeddable":true,"href":"https:\/\/www.bibliotecadeseguranca.com.br\/fr\/wp-json\/wp\/v2\/comments?post=560"}],"version-history":[{"count":10,"href":"https:\/\/www.bibliotecadeseguranca.com.br\/fr\/wp-json\/wp\/v2\/posts\/560\/revisions"}],"predecessor-version":[{"id":9281,"href":"https:\/\/www.bibliotecadeseguranca.com.br\/fr\/wp-json\/wp\/v2\/posts\/560\/revisions\/9281"}],"wp:featuredmedia":[{"embeddable":true,"href":"https:\/\/www.bibliotecadeseguranca.com.br\/fr\/wp-json\/wp\/v2\/media\/1881"}],"wp:attachment":[{"href":"https:\/\/www.bibliotecadeseguranca.com.br\/fr\/wp-json\/wp\/v2\/media?parent=560"}],"wp:term":[{"taxonomy":"category","embeddable":true,"href":"https:\/\/www.bibliotecadeseguranca.com.br\/fr\/wp-json\/wp\/v2\/categories?post=560"},{"taxonomy":"post_tag","embeddable":true,"href":"https:\/\/www.bibliotecadeseguranca.com.br\/fr\/wp-json\/wp\/v2\/tags?post=560"}],"curies":[{"name":"wp","href":"https:\/\/api.w.org\/{rel}","templated":true}]}}