{"id":548,"date":"2012-06-10T17:49:09","date_gmt":"2012-06-10T20:49:09","guid":{"rendered":"http:\/\/www.bibliotecadeseguranca.com.br\/fr\/?p=548"},"modified":"2014-12-31T01:49:36","modified_gmt":"2014-12-31T04:49:36","slug":"la-seguridad-corporativa-nuevos-retos-nuevas-exigencias","status":"publish","type":"post","link":"https:\/\/www.bibliotecadeseguranca.com.br\/fr\/livros\/la-seguridad-corporativa-nuevos-retos-nuevas-exigencias\/","title":{"rendered":"La Seguridad Corporativa &#8211; Nuevos Retos, Nuevas Exigencias"},"content":{"rendered":"<p><strong><img loading=\"lazy\" decoding=\"async\" class=\"alignleft size-full wp-image-549\" alt=\"\" src=\"http:\/\/www.bibliotecadeseguranca.com.br\/fr\/wp-content\/uploads\/2011\/02\/la-seguridad-corporativa-nuevos-retos-nuevas-exigencias.jpg\" width=\"126\" height=\"189\" srcset=\"https:\/\/www.bibliotecadeseguranca.com.br\/fr\/wp-content\/uploads\/2011\/02\/la-seguridad-corporativa-nuevos-retos-nuevas-exigencias.jpg 126w, https:\/\/www.bibliotecadeseguranca.com.br\/fr\/wp-content\/uploads\/2011\/02\/la-seguridad-corporativa-nuevos-retos-nuevas-exigencias-100x150.jpg 100w\" sizes=\"auto, (max-width: 126px) 100vw, 126px\" \/><span style=\"color: #003366;\">Editor E.T. Estudios T\u00e9cnicos<\/span><\/strong><\/p>\n<p style=\"text-align: justify;\"><span style=\"color: #003366;\"><strong>Descripci\u00f3n: <\/strong><\/span>Un an\u00e1lisis para el debate que presenta nuevos retos, nuevas exigencias para reestructurar o crear nuevos paradigmas en el \u00e1mbito de las seguridades p\u00fablicas y privadas.<\/p>\n<p style=\"text-align: justify;\">Podemos observar, en la opini\u00f3n o expresi\u00f3n que cada uno de los autores hace de la Seguridad Corporativa, una doble vertiente de conocimiento y experiencia profesional. Esta concepci\u00f3n coincide con la necesidad, hoy m\u00e1s que nunca, de gestionar la seguridad desde el debate abierto y permanente y desde la visi\u00f3n y misi\u00f3n adaptada a cada entorno y actividad.<\/p>\n<p style=\"text-align: justify;\">Esta obra quiere servir de base para ese necesario debate abierto y an\u00e1lisis permanente sobre los nuevos retos y nuevas exigencias en la Seguridad Corporativa.<\/p>\n<p style=\"text-align: justify;\">Este libro pretende iniciar el desarrollo de un proyecto personal: favorecer la participaci\u00f3n multidisciplinar de los mejores profesionales y la exposici\u00f3n de sus mejores experiencias y conocimientos en el \u00e1mbito de las seguridades p\u00fablicas y privadas.<\/p>\n<p style=\"text-align: justify;\">Representa un intento de ofrecer respuesta a tres preguntas b\u00e1sicas hoy como son:<\/p>\n<p style=\"text-align: justify;\">&#8211; \u00bfqu\u00e9 es la Seguridad Corporativa? &#8211; \u00bfpara qu\u00e9 debe servir? &#8211; \u00bfc\u00f3mo se gestiona la seguridad?<\/p>\n<p style=\"text-align: justify;\">y lo que es m\u00e1s importante en todos los casos: pensando en global pero actuando en cada \u00e1mbito local.<\/p>\n<p style=\"text-align: justify;\">El libro est\u00e1 constituido por ocho cap\u00edtulos que van desde el an\u00e1lisis de los nuevos riesgos y amenazas hasta el planteamiento de la adecuaci\u00f3n o armonizaci\u00f3n la legislaci\u00f3n, reglamentaci\u00f3n y normativa de la Seguridad Corporativa.<\/p>\n<p style=\"text-align: justify;\">Su contenido ofrece una inicial y amplia base para el necesario an\u00e1lisis para el debate de nuevos retos y exigencias de aplicaci\u00f3n filos\u00f3fica para la investigaci\u00f3n acad\u00e9mica y la pr\u00e1ctica operacional basada en el conocimiento y experiencia profesional que ofrece una aproximaci\u00f3n integral al estudio de la Seguridad Corporativa.<\/p>\n<p style=\"text-align: justify;\">Igualmente, este primer volumen tiene como misi\u00f3n la b\u00fasqueda de nuevos principios y leyes generales aplicables, y pretende contribuir a la creaci\u00f3n de nuevos paradigmas o disciplinas de seguridad, una vez agotadas o quebradas algunas tradicionales.<\/p>\n","protected":false},"excerpt":{"rendered":"<p>Editor E.T. Estudios T\u00e9cnicos Descripci\u00f3n: Un an\u00e1lisis para el debate que presenta nuevos retos, nuevas exigencias para reestructurar o crear nuevos paradigmas en el \u00e1mbito de las seguridades p\u00fablicas y privadas. Podemos observar, en la opini\u00f3n o expresi\u00f3n que cada uno de los autores hace de la Seguridad Corporativa, una doble vertiente de conocimiento y experiencia profesional. Esta concepci\u00f3n coincide con la necesidad, hoy m\u00e1s que nunca, de gestionar la&hellip; <\/p>\n","protected":false},"author":3,"featured_media":549,"comment_status":"open","ping_status":"closed","sticky":false,"template":"","format":"standard","meta":{"footnotes":""},"categories":[81,23,6],"tags":[],"class_list":["post-548","post","type-post","status-publish","format-standard","has-post-thumbnail","hentry","category-espanol","category-gestao-da-seguranca-empresarial","category-livros"],"views":328,"_links":{"self":[{"href":"https:\/\/www.bibliotecadeseguranca.com.br\/fr\/wp-json\/wp\/v2\/posts\/548","targetHints":{"allow":["GET"]}}],"collection":[{"href":"https:\/\/www.bibliotecadeseguranca.com.br\/fr\/wp-json\/wp\/v2\/posts"}],"about":[{"href":"https:\/\/www.bibliotecadeseguranca.com.br\/fr\/wp-json\/wp\/v2\/types\/post"}],"author":[{"embeddable":true,"href":"https:\/\/www.bibliotecadeseguranca.com.br\/fr\/wp-json\/wp\/v2\/users\/3"}],"replies":[{"embeddable":true,"href":"https:\/\/www.bibliotecadeseguranca.com.br\/fr\/wp-json\/wp\/v2\/comments?post=548"}],"version-history":[{"count":8,"href":"https:\/\/www.bibliotecadeseguranca.com.br\/fr\/wp-json\/wp\/v2\/posts\/548\/revisions"}],"predecessor-version":[{"id":9277,"href":"https:\/\/www.bibliotecadeseguranca.com.br\/fr\/wp-json\/wp\/v2\/posts\/548\/revisions\/9277"}],"wp:featuredmedia":[{"embeddable":true,"href":"https:\/\/www.bibliotecadeseguranca.com.br\/fr\/wp-json\/wp\/v2\/media\/549"}],"wp:attachment":[{"href":"https:\/\/www.bibliotecadeseguranca.com.br\/fr\/wp-json\/wp\/v2\/media?parent=548"}],"wp:term":[{"taxonomy":"category","embeddable":true,"href":"https:\/\/www.bibliotecadeseguranca.com.br\/fr\/wp-json\/wp\/v2\/categories?post=548"},{"taxonomy":"post_tag","embeddable":true,"href":"https:\/\/www.bibliotecadeseguranca.com.br\/fr\/wp-json\/wp\/v2\/tags?post=548"}],"curies":[{"name":"wp","href":"https:\/\/api.w.org\/{rel}","templated":true}]}}