{"id":544,"date":"2012-06-10T17:18:57","date_gmt":"2012-06-10T20:18:57","guid":{"rendered":"http:\/\/www.bibliotecadeseguranca.com.br\/fr\/?p=544"},"modified":"2014-12-31T01:49:52","modified_gmt":"2014-12-31T04:49:52","slug":"manual-para-el-director-de-seguridad-5-edicion-corregida-y-ampliada","status":"publish","type":"post","link":"https:\/\/www.bibliotecadeseguranca.com.br\/fr\/livros\/manual-para-el-director-de-seguridad-5-edicion-corregida-y-ampliada\/","title":{"rendered":"Manual para el Director de Seguridad &#8211; 5\u00aa Edici\u00f3n, Corregida y Ampliada"},"content":{"rendered":"<p><strong><img loading=\"lazy\" decoding=\"async\" class=\"alignleft size-full wp-image-545\" alt=\"\" src=\"http:\/\/www.bibliotecadeseguranca.com.br\/fr\/wp-content\/uploads\/2011\/02\/manual-para-el-director-de-seguridad-5a-edicion-corregida-y-ampliada.jpg\" width=\"134\" height=\"188\" srcset=\"https:\/\/www.bibliotecadeseguranca.com.br\/fr\/wp-content\/uploads\/2011\/02\/manual-para-el-director-de-seguridad-5a-edicion-corregida-y-ampliada.jpg 134w, https:\/\/www.bibliotecadeseguranca.com.br\/fr\/wp-content\/uploads\/2011\/02\/manual-para-el-director-de-seguridad-5a-edicion-corregida-y-ampliada-106x150.jpg 106w\" sizes=\"auto, (max-width: 134px) 100vw, 134px\" \/><span style=\"color: #003366;\">Manuel S\u00e1nchez G\u00f3mez-Merelo<\/span><\/strong><\/p>\n<p><span style=\"color: #003366;\"><strong>Editor E.T. Estudios T\u00e9cnicos<\/strong><\/span><\/p>\n<p style=\"text-align: justify;\"><span style=\"color: #003366;\"><strong>Descripci\u00f3n: <\/strong><\/span>Herramienta b\u00e1sica de trabajo y consulta, dentro de un marco definido y ordenado, del planteamiento, an\u00e1lisis e implantaci\u00f3n de sistemas y servicios de prevenci\u00f3n de riesgos y protecci\u00f3n de personas y bienes. Una informaci\u00f3n t\u00e9cnica b\u00e1sica para consulta y utilizaci\u00f3n por Directores y Jefes de seguridad de entidades y organismos p\u00fablicos y privados, as\u00ed como directivos de empresas de seguridad.<\/p>\n<p style=\"text-align: justify;\">Una selecci\u00f3n ordenada y sintetizada de los conceptos m\u00e1s importantes y necesarios para el adecuado desarrollo de los proyectos y trabajos que, desde el punto de vista de la direcci\u00f3n t\u00e9cnica y facultativa, requieren los planteamientos y aplicaciones operativas de las seguridades privadas. Una informaci\u00f3n t\u00e9cnica enmarcada en ese nuevo y necesario nivel exigido por la reciente puesta al d\u00eda de la legislaci\u00f3n y la normativa de nuestras seguridades que abarca desde la perspectiva de la terminolog\u00eda, hasta el total desarrollo de los objetivos planteados para la protecci\u00f3n y seguridad de las personas y los bienes.<\/p>\n<p style=\"text-align: justify;\">Un marco en el que nuestras m\u00e1s b\u00e1sicas seguridades privadas son tratadas para y desde la perspectiva integral e integrada del responsable del desarrollo de estas seguridades, centr\u00e1ndonos especialmente en la Seguridad Contra Actos Antisociales, o lo que es lo mismo, la llamada oficialmente seguridad privada, basada en la prevenci\u00f3n y la protecci\u00f3n ante la comisi\u00f3n de delitos; la Seguridad Contra Incendios, basada en la prevenci\u00f3n y la protecci\u00f3n ante el fuego no controlado; y la Seguridad y Salud Laboral, basada en la prevenci\u00f3n y la protecci\u00f3n de las personas ante la materializaci\u00f3n de los riesgos en el \u00e1mbito laboral.<\/p>\n<p style=\"text-align: justify;\">En esta nueva edici\u00f3n, corregida y ampliada, tambi\u00e9n tratamos de la perspectiva integral o de convergencia, la que podemos llamar Seguridad Corporativa o institucional como marco de referencia para los responsables y Directores de Seguridad.<\/p>\n","protected":false},"excerpt":{"rendered":"<p>Manuel S\u00e1nchez G\u00f3mez-Merelo Editor E.T. Estudios T\u00e9cnicos Descripci\u00f3n: Herramienta b\u00e1sica de trabajo y consulta, dentro de un marco definido y ordenado, del planteamiento, an\u00e1lisis e implantaci\u00f3n de sistemas y servicios de prevenci\u00f3n de riesgos y protecci\u00f3n de personas y bienes. Una informaci\u00f3n t\u00e9cnica b\u00e1sica para consulta y utilizaci\u00f3n por Directores y Jefes de seguridad de entidades y organismos p\u00fablicos y privados, as\u00ed como directivos de empresas de seguridad. Una selecci\u00f3n&hellip; <\/p>\n","protected":false},"author":3,"featured_media":545,"comment_status":"open","ping_status":"closed","sticky":false,"template":"","format":"standard","meta":{"footnotes":""},"categories":[81,23,6],"tags":[],"class_list":["post-544","post","type-post","status-publish","format-standard","has-post-thumbnail","hentry","category-espanol","category-gestao-da-seguranca-empresarial","category-livros"],"views":481,"_links":{"self":[{"href":"https:\/\/www.bibliotecadeseguranca.com.br\/fr\/wp-json\/wp\/v2\/posts\/544","targetHints":{"allow":["GET"]}}],"collection":[{"href":"https:\/\/www.bibliotecadeseguranca.com.br\/fr\/wp-json\/wp\/v2\/posts"}],"about":[{"href":"https:\/\/www.bibliotecadeseguranca.com.br\/fr\/wp-json\/wp\/v2\/types\/post"}],"author":[{"embeddable":true,"href":"https:\/\/www.bibliotecadeseguranca.com.br\/fr\/wp-json\/wp\/v2\/users\/3"}],"replies":[{"embeddable":true,"href":"https:\/\/www.bibliotecadeseguranca.com.br\/fr\/wp-json\/wp\/v2\/comments?post=544"}],"version-history":[{"count":10,"href":"https:\/\/www.bibliotecadeseguranca.com.br\/fr\/wp-json\/wp\/v2\/posts\/544\/revisions"}],"predecessor-version":[{"id":9276,"href":"https:\/\/www.bibliotecadeseguranca.com.br\/fr\/wp-json\/wp\/v2\/posts\/544\/revisions\/9276"}],"wp:featuredmedia":[{"embeddable":true,"href":"https:\/\/www.bibliotecadeseguranca.com.br\/fr\/wp-json\/wp\/v2\/media\/545"}],"wp:attachment":[{"href":"https:\/\/www.bibliotecadeseguranca.com.br\/fr\/wp-json\/wp\/v2\/media?parent=544"}],"wp:term":[{"taxonomy":"category","embeddable":true,"href":"https:\/\/www.bibliotecadeseguranca.com.br\/fr\/wp-json\/wp\/v2\/categories?post=544"},{"taxonomy":"post_tag","embeddable":true,"href":"https:\/\/www.bibliotecadeseguranca.com.br\/fr\/wp-json\/wp\/v2\/tags?post=544"}],"curies":[{"name":"wp","href":"https:\/\/api.w.org\/{rel}","templated":true}]}}