{"id":538,"date":"2012-06-10T17:16:44","date_gmt":"2012-06-10T20:16:44","guid":{"rendered":"http:\/\/www.bibliotecadeseguranca.com.br\/fr\/?p=538"},"modified":"2014-12-31T01:50:08","modified_gmt":"2014-12-31T04:50:08","slug":"seguranca-da-crianca-e-do-adolescente-colecao-cartilhas-de-seguranca","status":"publish","type":"post","link":"https:\/\/www.bibliotecadeseguranca.com.br\/fr\/livros\/seguranca-da-crianca-e-do-adolescente-colecao-cartilhas-de-seguranca\/","title":{"rendered":"Seguran\u00e7a da Crian\u00e7a e do Adolescente &#8211; Cole\u00e7\u00e3o Cartilhas de Seguran\u00e7a"},"content":{"rendered":"<p><strong><img loading=\"lazy\" decoding=\"async\" class=\"alignleft size-full wp-image-539\" alt=\"\" src=\"http:\/\/www.bibliotecadeseguranca.com.br\/fr\/wp-content\/uploads\/2011\/02\/seguranca-da-crianca-e-do-adolescente-colecao-cartilhas-de-seguranca.jpg\" width=\"133\" height=\"134\" \/><span style=\"color: #003366;\">Jos\u00e9 Tarc\u00edsio de Carvalho Neves, CPP e Marcy Jos\u00e9 de Campos Verde, CPP<\/span><\/strong><\/p>\n<p><span style=\"color: #003366;\"><strong>Editor CN Editorial<\/strong><\/span><\/p>\n<p style=\"text-align: justify;\"><span style=\"color: #003366;\"><strong>Descripci\u00f3n: <\/strong><\/span>A criminalidade n\u00e3o respeita mais idade, sexo, hora ou lugar. Nos grandes centros urbanos \u2013 e mesmo em cidades onde, at\u00e9 ent\u00e3o, not\u00edcias de crimes eram raras \u2013 a viol\u00eancia passou a fazer parte do dia-a-dia das pessoas, sendo tema obrigat\u00f3rio em todas as conversas. Todos n\u00f3s estamos sujeitos a ter que enfrent\u00e1-la, independentemente de nossa posi\u00e7\u00e3o na sociedade.<\/p>\n<p style=\"text-align: justify;\">At\u00e9 mesmo crian\u00e7as e adolescentes podem ser v\u00edtimas de crimes e da viol\u00eancia. Parece-nos assustador imaginar que nossos filhos, para quem tanto nos dedicamos e envidamos os maiores sacrif\u00edcios na tentativa de garantir-lhes um futuro melhor, possam ser alvo, e por que n\u00e3o \u201cagentes\u201d, de a\u00e7\u00f5es criminosas.<\/p>\n<p style=\"text-align: justify;\">O objetivo desta segunda cartilha da \u201cCole\u00e7\u00e3o Cartilhas de Seguran\u00e7a\u201d \u00e9 ajudar os pais, professores, parentes e entidades voltadas \u00e0 assist\u00eancia de crian\u00e7as e jovens a adotar medidas pr\u00e1ticas para melhorar as condi\u00e7\u00f5es de seguran\u00e7a daqueles que \u201cser\u00e3o o futuro de nosso pa\u00eds\u201d.<\/p>\n<p style=\"text-align: justify;\">E mais, apresentar \u201cdicas\u201d importantes para as pr\u00f3prias crian\u00e7as e adolescentes, com o objetivo de alert\u00e1-los para as mais diversas situa\u00e7\u00f5es de risco a que est\u00e3o expostos, ensinando-lhes regras seguras de comportamento em casa, na escola, nas atividades de lazer, junto aos amigos, etc. \u00c9 importante aprender a se proteger!<\/p>\n","protected":false},"excerpt":{"rendered":"<p>Jos\u00e9 Tarc\u00edsio de Carvalho Neves, CPP e Marcy Jos\u00e9 de Campos Verde, CPP Editor CN Editorial Descripci\u00f3n: A criminalidade n\u00e3o respeita mais idade, sexo, hora ou lugar. Nos grandes centros urbanos \u2013 e mesmo em cidades onde, at\u00e9 ent\u00e3o, not\u00edcias de crimes eram raras \u2013 a viol\u00eancia passou a fazer parte do dia-a-dia das pessoas, sendo tema obrigat\u00f3rio em todas as conversas. Todos n\u00f3s estamos sujeitos a ter que enfrent\u00e1-la,&hellip; <\/p>\n","protected":false},"author":3,"featured_media":539,"comment_status":"open","ping_status":"closed","sticky":false,"template":"","format":"standard","meta":{"footnotes":""},"categories":[23,6],"tags":[],"class_list":["post-538","post","type-post","status-publish","format-standard","has-post-thumbnail","hentry","category-gestao-da-seguranca-empresarial","category-livros"],"views":241,"_links":{"self":[{"href":"https:\/\/www.bibliotecadeseguranca.com.br\/fr\/wp-json\/wp\/v2\/posts\/538","targetHints":{"allow":["GET"]}}],"collection":[{"href":"https:\/\/www.bibliotecadeseguranca.com.br\/fr\/wp-json\/wp\/v2\/posts"}],"about":[{"href":"https:\/\/www.bibliotecadeseguranca.com.br\/fr\/wp-json\/wp\/v2\/types\/post"}],"author":[{"embeddable":true,"href":"https:\/\/www.bibliotecadeseguranca.com.br\/fr\/wp-json\/wp\/v2\/users\/3"}],"replies":[{"embeddable":true,"href":"https:\/\/www.bibliotecadeseguranca.com.br\/fr\/wp-json\/wp\/v2\/comments?post=538"}],"version-history":[{"count":7,"href":"https:\/\/www.bibliotecadeseguranca.com.br\/fr\/wp-json\/wp\/v2\/posts\/538\/revisions"}],"predecessor-version":[{"id":9274,"href":"https:\/\/www.bibliotecadeseguranca.com.br\/fr\/wp-json\/wp\/v2\/posts\/538\/revisions\/9274"}],"wp:featuredmedia":[{"embeddable":true,"href":"https:\/\/www.bibliotecadeseguranca.com.br\/fr\/wp-json\/wp\/v2\/media\/539"}],"wp:attachment":[{"href":"https:\/\/www.bibliotecadeseguranca.com.br\/fr\/wp-json\/wp\/v2\/media?parent=538"}],"wp:term":[{"taxonomy":"category","embeddable":true,"href":"https:\/\/www.bibliotecadeseguranca.com.br\/fr\/wp-json\/wp\/v2\/categories?post=538"},{"taxonomy":"post_tag","embeddable":true,"href":"https:\/\/www.bibliotecadeseguranca.com.br\/fr\/wp-json\/wp\/v2\/tags?post=538"}],"curies":[{"name":"wp","href":"https:\/\/api.w.org\/{rel}","templated":true}]}}