{"id":535,"date":"2012-06-10T17:15:38","date_gmt":"2012-06-10T20:15:38","guid":{"rendered":"http:\/\/www.bibliotecadeseguranca.com.br\/fr\/?p=535"},"modified":"2014-12-31T01:50:16","modified_gmt":"2014-12-31T04:50:16","slug":"seguranca-no-lar-no-ambiente-de-trabalho-nos-descolamentos-e-no-cotidiano-colecao-cartilhas-de-seguranca","status":"publish","type":"post","link":"https:\/\/www.bibliotecadeseguranca.com.br\/fr\/livros\/seguranca-no-lar-no-ambiente-de-trabalho-nos-descolamentos-e-no-cotidiano-colecao-cartilhas-de-seguranca\/","title":{"rendered":"Seguran\u00e7a no Lar, no Ambiente de Trabalho, nos Descolamentos e no Cotidiano &#8211; Cole\u00e7\u00e3o Cartilhas de Seguran\u00e7a"},"content":{"rendered":"<p><strong><img loading=\"lazy\" decoding=\"async\" class=\"alignleft size-full wp-image-536\" alt=\"\" src=\"http:\/\/www.bibliotecadeseguranca.com.br\/fr\/wp-content\/uploads\/2011\/02\/seguranca-no-lar-no-ambiente-de-trabalho-nos-descolamentos-e-no-cotidiano-colecao-cartilhas-de-seguranca.jpg\" width=\"133\" height=\"134\" \/><span style=\"color: #003366;\">Jos\u00e9 Tarc\u00edsio de Carvalho Neves, CPP e H\u00e9rcules Atanes<\/span><\/strong><\/p>\n<p><span style=\"color: #003366;\"><strong>Editor CN Editorial<\/strong><\/span><\/p>\n<p style=\"text-align: justify;\"><span style=\"color: #003366;\"><strong>Descripci\u00f3n: <\/strong><\/span>Falar em viol\u00eancia urbana nos dias atuais \u00e9 \u201cchover no molhado\u201d! At\u00e9 mesmo os mais experientes profissionais de seguran\u00e7a, especialistas no assunto, assustam-se com o ritmo crescente da criminalidade no Brasil.<\/p>\n<p style=\"text-align: justify;\">Basta conversarmos alguns minutos com qualquer cidad\u00e3o e, quase que por obriga\u00e7\u00e3o, o assunto vem \u00e0 baila. Para as pessoas mais velhas, o temor dos assaltos, dos seq\u00fcestros, da viol\u00eancia em geral chega \u00e0s raias de ser obsess\u00e3o. Palavras de indigna\u00e7\u00e3o, misturadas com de saudosismo s\u00e3o constantes em seu vocabul\u00e1rio: \u201cBons tempos aqueles&#8230;\u201d e \u201cat\u00e9 que ponto vamos chegar?\u201d<\/p>\n<p style=\"text-align: justify;\">Mas n\u00e3o \u00e9 s\u00f3 junto \u00e0 popula\u00e7\u00e3o de idade mais avan\u00e7ada que isso ocorre. Em todas as faixas et\u00e1rias, e at\u00e9 mesmo entre crian\u00e7as e jovens, podemos perceber o grau de medo e inseguran\u00e7a que nos assola.<\/p>\n<p style=\"text-align: justify;\">Da\u00ed surgiu a \u201cCole\u00e7\u00e3o Cartilhas de Seguran\u00e7a\u201d, que vem apresentar as mais importantes regras e dicas que, certamente, ir\u00e3o auxiliar o leitor a defender-se da viol\u00eancia e, pouco a pouco, ir assimilando a \u201ccultura de seguran\u00e7a\u201d, indispens\u00e1vel a todos n\u00f3s que vivemos e trabalhamos nos grandes centros urbanos.<\/p>\n","protected":false},"excerpt":{"rendered":"<p>Jos\u00e9 Tarc\u00edsio de Carvalho Neves, CPP e H\u00e9rcules Atanes Editor CN Editorial Descripci\u00f3n: Falar em viol\u00eancia urbana nos dias atuais \u00e9 \u201cchover no molhado\u201d! At\u00e9 mesmo os mais experientes profissionais de seguran\u00e7a, especialistas no assunto, assustam-se com o ritmo crescente da criminalidade no Brasil. Basta conversarmos alguns minutos com qualquer cidad\u00e3o e, quase que por obriga\u00e7\u00e3o, o assunto vem \u00e0 baila. Para as pessoas mais velhas, o temor dos assaltos,&hellip; <\/p>\n","protected":false},"author":3,"featured_media":536,"comment_status":"open","ping_status":"closed","sticky":false,"template":"","format":"standard","meta":{"footnotes":""},"categories":[23,6],"tags":[],"class_list":["post-535","post","type-post","status-publish","format-standard","has-post-thumbnail","hentry","category-gestao-da-seguranca-empresarial","category-livros"],"views":238,"_links":{"self":[{"href":"https:\/\/www.bibliotecadeseguranca.com.br\/fr\/wp-json\/wp\/v2\/posts\/535","targetHints":{"allow":["GET"]}}],"collection":[{"href":"https:\/\/www.bibliotecadeseguranca.com.br\/fr\/wp-json\/wp\/v2\/posts"}],"about":[{"href":"https:\/\/www.bibliotecadeseguranca.com.br\/fr\/wp-json\/wp\/v2\/types\/post"}],"author":[{"embeddable":true,"href":"https:\/\/www.bibliotecadeseguranca.com.br\/fr\/wp-json\/wp\/v2\/users\/3"}],"replies":[{"embeddable":true,"href":"https:\/\/www.bibliotecadeseguranca.com.br\/fr\/wp-json\/wp\/v2\/comments?post=535"}],"version-history":[{"count":7,"href":"https:\/\/www.bibliotecadeseguranca.com.br\/fr\/wp-json\/wp\/v2\/posts\/535\/revisions"}],"predecessor-version":[{"id":9273,"href":"https:\/\/www.bibliotecadeseguranca.com.br\/fr\/wp-json\/wp\/v2\/posts\/535\/revisions\/9273"}],"wp:featuredmedia":[{"embeddable":true,"href":"https:\/\/www.bibliotecadeseguranca.com.br\/fr\/wp-json\/wp\/v2\/media\/536"}],"wp:attachment":[{"href":"https:\/\/www.bibliotecadeseguranca.com.br\/fr\/wp-json\/wp\/v2\/media?parent=535"}],"wp:term":[{"taxonomy":"category","embeddable":true,"href":"https:\/\/www.bibliotecadeseguranca.com.br\/fr\/wp-json\/wp\/v2\/categories?post=535"},{"taxonomy":"post_tag","embeddable":true,"href":"https:\/\/www.bibliotecadeseguranca.com.br\/fr\/wp-json\/wp\/v2\/tags?post=535"}],"curies":[{"name":"wp","href":"https:\/\/api.w.org\/{rel}","templated":true}]}}