{"id":528,"date":"2012-06-10T17:08:16","date_gmt":"2012-06-10T20:08:16","guid":{"rendered":"http:\/\/www.bibliotecadeseguranca.com.br\/fr\/?p=528"},"modified":"2014-12-31T01:50:34","modified_gmt":"2014-12-31T04:50:34","slug":"seguranca-minima-uma-visao-corporativa-da-seguranca-de-informacoes","status":"publish","type":"post","link":"https:\/\/www.bibliotecadeseguranca.com.br\/fr\/livros\/seguranca-minima-uma-visao-corporativa-da-seguranca-de-informacoes\/","title":{"rendered":"Seguran\u00e7a M\u00ednima &#8211; Uma Vis\u00e3o Corporativa da Seguran\u00e7a de Informa\u00e7\u00f5es"},"content":{"rendered":"<p><strong><img loading=\"lazy\" decoding=\"async\" class=\"alignleft size-full wp-image-529\" alt=\"\" src=\"http:\/\/www.bibliotecadeseguranca.com.br\/fr\/wp-content\/uploads\/2011\/02\/seguranca-minima-uma-visao-corporativa-da-seguranca-de-informacoes.jpg\" width=\"151\" height=\"188\" srcset=\"https:\/\/www.bibliotecadeseguranca.com.br\/fr\/wp-content\/uploads\/2011\/02\/seguranca-minima-uma-visao-corporativa-da-seguranca-de-informacoes.jpg 151w, https:\/\/www.bibliotecadeseguranca.com.br\/fr\/wp-content\/uploads\/2011\/02\/seguranca-minima-uma-visao-corporativa-da-seguranca-de-informacoes-120x150.jpg 120w\" sizes=\"auto, (max-width: 151px) 100vw, 151px\" \/><span style=\"color: #003366;\">Nilton Moreira<\/span><\/strong> <span style=\"color: #003366;\"><strong>Editor Axcel Books<\/strong><\/span><\/p>\n<p style=\"text-align: justify;\"><span style=\"color: #003366;\"><strong>Descripci\u00f3n: <\/strong><\/span>Cada vez mais a informa\u00e7\u00e3o vem se tornando o ativo mais importante das Organiza\u00e7\u00f5es e, para proteg\u00ea-la, n\u00e3o basta comprar o maior ou o melhor firewall do mundo! Por esta raz\u00e3o, este livro visa esclarecer e ajud\u00e1-lo a entender a import\u00e2ncia de se proporcionar um n\u00edvel de seguran\u00e7a m\u00ednimo no ambiente computacional de qualquer empresa, que \u00e9 referido em fun\u00e7\u00e3o das regras e do grau de criticidade de cada tipo de neg\u00f3cio. Ser\u00e3o abordados alguns conceitos sobre seguran\u00e7a da informa\u00e7\u00e3o e, dentro de um contexto corporativo, o autor procura tratar do assunto sempre com uma vis\u00e3o nos tr\u00eas pilares que sustentam todo bom projeto com esta finalidade. Uso de ferramentas adequadas que proteger\u00e3o as redes e as informa\u00e7\u00f5es, bem instaladas, configuradas e atualizadas contra as mais novas vulnerabilidades e formas de ataques. O comportamento adequado dos funcion\u00e1rios mediante as informa\u00e7\u00f5es estrat\u00e9gicas e, portanto, confidenciais da Organiza\u00e7\u00e3o. Uma pol\u00edtica de seguran\u00e7a clara, muito bem definida e voltada para as regras e necessidades de neg\u00f3cio da Corpora\u00e7\u00e3o.<\/p>\n","protected":false},"excerpt":{"rendered":"<p>Nilton Moreira Editor Axcel Books Descripci\u00f3n: Cada vez mais a informa\u00e7\u00e3o vem se tornando o ativo mais importante das Organiza\u00e7\u00f5es e, para proteg\u00ea-la, n\u00e3o basta comprar o maior ou o melhor firewall do mundo! Por esta raz\u00e3o, este livro visa esclarecer e ajud\u00e1-lo a entender a import\u00e2ncia de se proporcionar um n\u00edvel de seguran\u00e7a m\u00ednimo no ambiente computacional de qualquer empresa, que \u00e9 referido em fun\u00e7\u00e3o das regras e do&hellip; <\/p>\n","protected":false},"author":3,"featured_media":529,"comment_status":"open","ping_status":"closed","sticky":false,"template":"","format":"standard","meta":{"footnotes":""},"categories":[23,6],"tags":[],"class_list":["post-528","post","type-post","status-publish","format-standard","has-post-thumbnail","hentry","category-gestao-da-seguranca-empresarial","category-livros"],"views":459,"_links":{"self":[{"href":"https:\/\/www.bibliotecadeseguranca.com.br\/fr\/wp-json\/wp\/v2\/posts\/528","targetHints":{"allow":["GET"]}}],"collection":[{"href":"https:\/\/www.bibliotecadeseguranca.com.br\/fr\/wp-json\/wp\/v2\/posts"}],"about":[{"href":"https:\/\/www.bibliotecadeseguranca.com.br\/fr\/wp-json\/wp\/v2\/types\/post"}],"author":[{"embeddable":true,"href":"https:\/\/www.bibliotecadeseguranca.com.br\/fr\/wp-json\/wp\/v2\/users\/3"}],"replies":[{"embeddable":true,"href":"https:\/\/www.bibliotecadeseguranca.com.br\/fr\/wp-json\/wp\/v2\/comments?post=528"}],"version-history":[{"count":8,"href":"https:\/\/www.bibliotecadeseguranca.com.br\/fr\/wp-json\/wp\/v2\/posts\/528\/revisions"}],"predecessor-version":[{"id":10366,"href":"https:\/\/www.bibliotecadeseguranca.com.br\/fr\/wp-json\/wp\/v2\/posts\/528\/revisions\/10366"}],"wp:featuredmedia":[{"embeddable":true,"href":"https:\/\/www.bibliotecadeseguranca.com.br\/fr\/wp-json\/wp\/v2\/media\/529"}],"wp:attachment":[{"href":"https:\/\/www.bibliotecadeseguranca.com.br\/fr\/wp-json\/wp\/v2\/media?parent=528"}],"wp:term":[{"taxonomy":"category","embeddable":true,"href":"https:\/\/www.bibliotecadeseguranca.com.br\/fr\/wp-json\/wp\/v2\/categories?post=528"},{"taxonomy":"post_tag","embeddable":true,"href":"https:\/\/www.bibliotecadeseguranca.com.br\/fr\/wp-json\/wp\/v2\/tags?post=528"}],"curies":[{"name":"wp","href":"https:\/\/api.w.org\/{rel}","templated":true}]}}