{"id":480,"date":"2012-06-10T16:35:37","date_gmt":"2012-06-10T16:35:37","guid":{"rendered":"http:\/\/www.bibliotecadeseguranca.com.br\/fr\/?p=480"},"modified":"2014-02-06T02:57:22","modified_gmt":"2014-02-06T05:57:22","slug":"gestao-de-processos-pensar-agir-e-aprender","status":"publish","type":"post","link":"https:\/\/www.bibliotecadeseguranca.com.br\/fr\/livros\/gestao-de-processos-pensar-agir-e-aprender\/","title":{"rendered":"Gest\u00e3o de Processos &#8211; Pensar, Agir e Aprender"},"content":{"rendered":"<p><strong><img loading=\"lazy\" decoding=\"async\" class=\"alignleft size-full wp-image-481\" alt=\"\" src=\"http:\/\/www.bibliotecadeseguranca.com.br\/fr\/wp-content\/uploads\/2011\/02\/gestao-de-processos-pensar-agir-e-aprender.jpg\" width=\"132\" height=\"189\" srcset=\"https:\/\/www.bibliotecadeseguranca.com.br\/fr\/wp-content\/uploads\/2011\/02\/gestao-de-processos-pensar-agir-e-aprender.jpg 132w, https:\/\/www.bibliotecadeseguranca.com.br\/fr\/wp-content\/uploads\/2011\/02\/gestao-de-processos-pensar-agir-e-aprender-104x150.jpg 104w\" sizes=\"auto, (max-width: 132px) 100vw, 132px\" \/><span style=\"color: #003366;\">Rafael Paim, Vinicius Cardoso, Heitor Caulliraux e Rafael Clemente<\/span><\/strong><\/p>\n<p><span style=\"color: #003366;\"><strong>Editor Bookman<\/strong><\/span><\/p>\n<p style=\"text-align: justify;\"><span style=\"color: #003366;\"><strong>Descripci\u00f3n:<\/strong><\/span> Baseada em mais de 20 anos de pesquisa, projetos de aplica\u00e7\u00e3o e testes, esta \u00e9 uma obra imprescind\u00edvel para acad\u00eamicos e profissionais. Os autores s\u00e3o docentes da UFRJ, que hospeda o principal curso de gest\u00e3o de processos do Brasil e conta com alunos em toda a Am\u00e9rica Latina e outros continentes.<\/p>\n","protected":false},"excerpt":{"rendered":"<p>Rafael Paim, Vinicius Cardoso, Heitor Caulliraux e Rafael Clemente Editor Bookman Descripci\u00f3n: Baseada em mais de 20 anos de pesquisa, projetos de aplica\u00e7\u00e3o e testes, esta \u00e9 uma obra imprescind\u00edvel para acad\u00eamicos e profissionais. Os autores s\u00e3o docentes da UFRJ, que hospeda o principal curso de gest\u00e3o de processos do Brasil e conta com alunos em toda a Am\u00e9rica Latina e outros continentes.<\/p>\n","protected":false},"author":3,"featured_media":481,"comment_status":"open","ping_status":"closed","sticky":false,"template":"","format":"standard","meta":{"footnotes":""},"categories":[14,6],"tags":[],"class_list":["post-480","post","type-post","status-publish","format-standard","has-post-thumbnail","hentry","category-administracao-e-estrategia-empresarial","category-livros"],"views":490,"_links":{"self":[{"href":"https:\/\/www.bibliotecadeseguranca.com.br\/fr\/wp-json\/wp\/v2\/posts\/480","targetHints":{"allow":["GET"]}}],"collection":[{"href":"https:\/\/www.bibliotecadeseguranca.com.br\/fr\/wp-json\/wp\/v2\/posts"}],"about":[{"href":"https:\/\/www.bibliotecadeseguranca.com.br\/fr\/wp-json\/wp\/v2\/types\/post"}],"author":[{"embeddable":true,"href":"https:\/\/www.bibliotecadeseguranca.com.br\/fr\/wp-json\/wp\/v2\/users\/3"}],"replies":[{"embeddable":true,"href":"https:\/\/www.bibliotecadeseguranca.com.br\/fr\/wp-json\/wp\/v2\/comments?post=480"}],"version-history":[{"count":7,"href":"https:\/\/www.bibliotecadeseguranca.com.br\/fr\/wp-json\/wp\/v2\/posts\/480\/revisions"}],"predecessor-version":[{"id":9253,"href":"https:\/\/www.bibliotecadeseguranca.com.br\/fr\/wp-json\/wp\/v2\/posts\/480\/revisions\/9253"}],"wp:featuredmedia":[{"embeddable":true,"href":"https:\/\/www.bibliotecadeseguranca.com.br\/fr\/wp-json\/wp\/v2\/media\/481"}],"wp:attachment":[{"href":"https:\/\/www.bibliotecadeseguranca.com.br\/fr\/wp-json\/wp\/v2\/media?parent=480"}],"wp:term":[{"taxonomy":"category","embeddable":true,"href":"https:\/\/www.bibliotecadeseguranca.com.br\/fr\/wp-json\/wp\/v2\/categories?post=480"},{"taxonomy":"post_tag","embeddable":true,"href":"https:\/\/www.bibliotecadeseguranca.com.br\/fr\/wp-json\/wp\/v2\/tags?post=480"}],"curies":[{"name":"wp","href":"https:\/\/api.w.org\/{rel}","templated":true}]}}