{"id":4770,"date":"2012-11-29T20:56:34","date_gmt":"2012-11-29T23:56:34","guid":{"rendered":"http:\/\/www.bibliotecadeseguranca.com.br\/fr\/?p=4770"},"modified":"2014-08-21T18:44:48","modified_gmt":"2014-08-21T21:44:48","slug":"relatorio-de-atividades","status":"publish","type":"post","link":"https:\/\/www.bibliotecadeseguranca.com.br\/fr\/livros\/relatorio-de-atividades\/","title":{"rendered":"Relat\u00f3rio de Atividades"},"content":{"rendered":"<p><img loading=\"lazy\" decoding=\"async\" class=\"alignleft size-full wp-image-4771\" title=\"Relat\u00f3rio de Atividades\" alt=\"\" src=\"http:\/\/www.bibliotecadeseguranca.com.br\/fr\/wp-content\/uploads\/2012\/11\/relatorio-de-atividades.jpg\" width=\"150\" height=\"203\" srcset=\"https:\/\/www.bibliotecadeseguranca.com.br\/fr\/wp-content\/uploads\/2012\/11\/relatorio-de-atividades.jpg 150w, https:\/\/www.bibliotecadeseguranca.com.br\/fr\/wp-content\/uploads\/2012\/11\/relatorio-de-atividades-110x150.jpg 110w\" sizes=\"auto, (max-width: 150px) 100vw, 150px\" \/>Este \u00e9 o relat\u00f3rio que tem o intuito de sintetizar as a\u00e7\u00f5es, produtos e conclus\u00f5es do projeto \u201cJuventude e Preven\u00e7\u00e3o da Viol\u00eancia\u201d, que \u00e9 o objeto do Termo de Parceria 009\/2008, firmado entre o Minist\u00e9rio da Justi\u00e7a, por meio da Secretaria Nacional de Seguran\u00e7a P\u00fablica e com recursos do Pronasci, e o F\u00f3rum Brasileiro de Seguran\u00e7a P\u00fablica. Sua consecu\u00e7\u00e3o contou com amplo leque de parcerias, com destaque para o Instituto Sou da Paz, o Ilanud Brasil e a Funda\u00e7\u00e3o Seade.<\/p>\n<p><a title=\"Relat\u00f3rio de Atividades\" href=\"http:\/\/www2.forumseguranca.org.br\/node\/27189\" target=\"_blank\"><img loading=\"lazy\" decoding=\"async\" class=\"alignleft size-full wp-image-11252\" src=\"http:\/\/www.bibliotecadeseguranca.com.br\/fr\/wp-content\/uploads\/2014\/08\/descargar.gif\" alt=\"Descargar\" width=\"93\" height=\"25\" \/><\/a><\/p>\n","protected":false},"excerpt":{"rendered":"<p>Este \u00e9 o relat\u00f3rio que tem o intuito de sintetizar as a\u00e7\u00f5es, produtos e conclus\u00f5es do projeto \u201cJuventude e Preven\u00e7\u00e3o da Viol\u00eancia\u201d, que \u00e9 o objeto do Termo de Parceria 009\/2008, firmado entre o Minist\u00e9rio da Justi\u00e7a, por meio da Secretaria Nacional de Seguran\u00e7a P\u00fablica e com recursos do Pronasci, e o F\u00f3rum Brasileiro de Seguran\u00e7a P\u00fablica. Sua consecu\u00e7\u00e3o contou com amplo leque de parcerias, com destaque para o Instituto&hellip; <\/p>\n","protected":false},"author":3,"featured_media":4771,"comment_status":"open","ping_status":"closed","sticky":false,"template":"","format":"standard","meta":{"footnotes":""},"categories":[6,25,112],"tags":[],"class_list":["post-4770","post","type-post","status-publish","format-standard","has-post-thumbnail","hentry","category-livros","category-seguranca-publica-e-defesa","category-download"],"views":423,"_links":{"self":[{"href":"https:\/\/www.bibliotecadeseguranca.com.br\/fr\/wp-json\/wp\/v2\/posts\/4770","targetHints":{"allow":["GET"]}}],"collection":[{"href":"https:\/\/www.bibliotecadeseguranca.com.br\/fr\/wp-json\/wp\/v2\/posts"}],"about":[{"href":"https:\/\/www.bibliotecadeseguranca.com.br\/fr\/wp-json\/wp\/v2\/types\/post"}],"author":[{"embeddable":true,"href":"https:\/\/www.bibliotecadeseguranca.com.br\/fr\/wp-json\/wp\/v2\/users\/3"}],"replies":[{"embeddable":true,"href":"https:\/\/www.bibliotecadeseguranca.com.br\/fr\/wp-json\/wp\/v2\/comments?post=4770"}],"version-history":[{"count":3,"href":"https:\/\/www.bibliotecadeseguranca.com.br\/fr\/wp-json\/wp\/v2\/posts\/4770\/revisions"}],"predecessor-version":[{"id":11281,"href":"https:\/\/www.bibliotecadeseguranca.com.br\/fr\/wp-json\/wp\/v2\/posts\/4770\/revisions\/11281"}],"wp:featuredmedia":[{"embeddable":true,"href":"https:\/\/www.bibliotecadeseguranca.com.br\/fr\/wp-json\/wp\/v2\/media\/4771"}],"wp:attachment":[{"href":"https:\/\/www.bibliotecadeseguranca.com.br\/fr\/wp-json\/wp\/v2\/media?parent=4770"}],"wp:term":[{"taxonomy":"category","embeddable":true,"href":"https:\/\/www.bibliotecadeseguranca.com.br\/fr\/wp-json\/wp\/v2\/categories?post=4770"},{"taxonomy":"post_tag","embeddable":true,"href":"https:\/\/www.bibliotecadeseguranca.com.br\/fr\/wp-json\/wp\/v2\/tags?post=4770"}],"curies":[{"name":"wp","href":"https:\/\/api.w.org\/{rel}","templated":true}]}}