{"id":4750,"date":"2012-11-29T20:30:56","date_gmt":"2012-11-29T23:30:56","guid":{"rendered":"http:\/\/www.bibliotecadeseguranca.com.br\/fr\/?p=4750"},"modified":"2014-08-21T18:44:16","modified_gmt":"2014-08-21T21:44:16","slug":"projeto-juventude-e-prevencao-da-violencia","status":"publish","type":"post","link":"https:\/\/www.bibliotecadeseguranca.com.br\/fr\/livros\/projeto-juventude-e-prevencao-da-violencia\/","title":{"rendered":"Projeto Juventude e Preven\u00e7\u00e3o da Viol\u00eancia"},"content":{"rendered":"<p><img loading=\"lazy\" decoding=\"async\" class=\"alignleft size-full wp-image-4751\" title=\"Projeto Juventude e Preven\u00e7\u00e3o da Viol\u00eancia\" alt=\"\" src=\"http:\/\/www.bibliotecadeseguranca.com.br\/fr\/wp-content\/uploads\/2012\/11\/projeto-juventude-e-prevencao-da-violencia.jpg\" width=\"150\" height=\"212\" srcset=\"https:\/\/www.bibliotecadeseguranca.com.br\/fr\/wp-content\/uploads\/2012\/11\/projeto-juventude-e-prevencao-da-violencia.jpg 150w, https:\/\/www.bibliotecadeseguranca.com.br\/fr\/wp-content\/uploads\/2012\/11\/projeto-juventude-e-prevencao-da-violencia-106x150.jpg 106w\" sizes=\"auto, (max-width: 150px) 100vw, 150px\" \/>O Minist\u00e9rio da Justi\u00e7a, por meio do Pronasci, firmou Termo de Parceria com o F\u00f3rum Brasileiro de Seguran\u00e7a P\u00fablica para o desenvolvimento e execu\u00e7\u00e3o de ambicioso programa de trabalho sobre juventude e preven\u00e7\u00e3o da viol\u00eancia. Assinada em 29 de dezembro de 2008, a parceria visa produzir insumos para a Coordena\u00e7\u00e3o de Juventude do Pronasci e, sobretudo, aprofundar o conhecimento em torno da associa\u00e7\u00e3o de jovens de 12 a 29 anos com a viol\u00eancia.<\/p>\n<p>Concebido em m\u00f3dulos, o projeto engloba atividades de pesquisa, sistematiza\u00e7\u00e3o de pr\u00e1ticas de preven\u00e7\u00e3o, organiza\u00e7\u00e3o de semin\u00e1rios sobre o tema e, por fim, a elabora\u00e7\u00e3o de cartilhas capazes de colaborar com o gestor de a\u00e7\u00f5es de preven\u00e7\u00e3o da viol\u00eancia, seja ele representante de Governos e\/ou de entidades das sociedade civil, no aumento da efic\u00e1cia de seus projetos.<br \/>\nPelo projeto envolver um volume muito grande de atividades, o F\u00f3rum Brasileiro de Seguran\u00e7a P\u00fablica, em sintonia com suas diretrizes estatut\u00e1rias, buscou consolidar redes de apoiadores, fortalecendo a perspectiva que valoriza a mobiliza\u00e7\u00e3o de esfor\u00e7os de v\u00e1rios atores como elemento central no desenho de a\u00e7\u00f5es eficientes.<\/p>\n<p>Neste sentido, este relat\u00f3rio procura divulgar os primeiros resultados desta pesquisa, que abrange diversas frentes e pode auxiliar pesquisadores e interessados no tema.<\/p>\n<p><a title=\"Projeto Juventudo e Preven\u00e7\u00e3o da Viol\u00eancia\" href=\"http:\/\/www2.forumseguranca.org.br\/node\/27188\" target=\"_blank\"><img loading=\"lazy\" decoding=\"async\" class=\"alignleft size-full wp-image-11252\" src=\"http:\/\/www.bibliotecadeseguranca.com.br\/fr\/wp-content\/uploads\/2014\/08\/descargar.gif\" alt=\"Descargar\" width=\"93\" height=\"25\" \/><\/a><\/p>\n","protected":false},"excerpt":{"rendered":"<p>O Minist\u00e9rio da Justi\u00e7a, por meio do Pronasci, firmou Termo de Parceria com o F\u00f3rum Brasileiro de Seguran\u00e7a P\u00fablica para o desenvolvimento e execu\u00e7\u00e3o de ambicioso programa de trabalho sobre juventude e preven\u00e7\u00e3o da viol\u00eancia. Assinada em 29 de dezembro de 2008, a parceria visa produzir insumos para a Coordena\u00e7\u00e3o de Juventude do Pronasci e, sobretudo, aprofundar o conhecimento em torno da associa\u00e7\u00e3o de jovens de 12 a 29 anos&hellip; <\/p>\n","protected":false},"author":3,"featured_media":4751,"comment_status":"open","ping_status":"closed","sticky":false,"template":"","format":"standard","meta":{"footnotes":""},"categories":[6,25,112],"tags":[],"class_list":["post-4750","post","type-post","status-publish","format-standard","has-post-thumbnail","hentry","category-livros","category-seguranca-publica-e-defesa","category-download"],"views":264,"_links":{"self":[{"href":"https:\/\/www.bibliotecadeseguranca.com.br\/fr\/wp-json\/wp\/v2\/posts\/4750","targetHints":{"allow":["GET"]}}],"collection":[{"href":"https:\/\/www.bibliotecadeseguranca.com.br\/fr\/wp-json\/wp\/v2\/posts"}],"about":[{"href":"https:\/\/www.bibliotecadeseguranca.com.br\/fr\/wp-json\/wp\/v2\/types\/post"}],"author":[{"embeddable":true,"href":"https:\/\/www.bibliotecadeseguranca.com.br\/fr\/wp-json\/wp\/v2\/users\/3"}],"replies":[{"embeddable":true,"href":"https:\/\/www.bibliotecadeseguranca.com.br\/fr\/wp-json\/wp\/v2\/comments?post=4750"}],"version-history":[{"count":4,"href":"https:\/\/www.bibliotecadeseguranca.com.br\/fr\/wp-json\/wp\/v2\/posts\/4750\/revisions"}],"predecessor-version":[{"id":11276,"href":"https:\/\/www.bibliotecadeseguranca.com.br\/fr\/wp-json\/wp\/v2\/posts\/4750\/revisions\/11276"}],"wp:featuredmedia":[{"embeddable":true,"href":"https:\/\/www.bibliotecadeseguranca.com.br\/fr\/wp-json\/wp\/v2\/media\/4751"}],"wp:attachment":[{"href":"https:\/\/www.bibliotecadeseguranca.com.br\/fr\/wp-json\/wp\/v2\/media?parent=4750"}],"wp:term":[{"taxonomy":"category","embeddable":true,"href":"https:\/\/www.bibliotecadeseguranca.com.br\/fr\/wp-json\/wp\/v2\/categories?post=4750"},{"taxonomy":"post_tag","embeddable":true,"href":"https:\/\/www.bibliotecadeseguranca.com.br\/fr\/wp-json\/wp\/v2\/tags?post=4750"}],"curies":[{"name":"wp","href":"https:\/\/api.w.org\/{rel}","templated":true}]}}