{"id":4740,"date":"2012-11-29T20:11:02","date_gmt":"2012-11-29T23:11:02","guid":{"rendered":"http:\/\/www.bibliotecadeseguranca.com.br\/fr\/?p=4740"},"modified":"2014-02-06T00:50:36","modified_gmt":"2014-02-06T03:50:36","slug":"tudo-o-que-voce-precisa-ouvir-sobre-direito-digital-corporativo-audiolivro","status":"publish","type":"post","link":"https:\/\/www.bibliotecadeseguranca.com.br\/fr\/livros\/tudo-o-que-voce-precisa-ouvir-sobre-direito-digital-corporativo-audiolivro\/","title":{"rendered":"Tudo o Que Voc\u00ea Precisa Ouvir Sobre Direito Digital Corporativo &#8211; Audiolivro"},"content":{"rendered":"<p><strong><img loading=\"lazy\" decoding=\"async\" class=\"alignleft size-full wp-image-4741\" title=\"Tudo o Que Voc\u00ea Precisa Ouvir Sobre Direito Digital Corporativo - Audiolivro\" alt=\"\" src=\"http:\/\/www.bibliotecadeseguranca.com.br\/fr\/wp-content\/uploads\/2012\/11\/tudo-o-que-voce-precisa-ouvir-sobre-direito-digital-corporativo-audiolivro.jpg\" width=\"140\" height=\"193\" srcset=\"https:\/\/www.bibliotecadeseguranca.com.br\/fr\/wp-content\/uploads\/2012\/11\/tudo-o-que-voce-precisa-ouvir-sobre-direito-digital-corporativo-audiolivro.jpg 140w, https:\/\/www.bibliotecadeseguranca.com.br\/fr\/wp-content\/uploads\/2012\/11\/tudo-o-que-voce-precisa-ouvir-sobre-direito-digital-corporativo-audiolivro-108x150.jpg 108w\" sizes=\"auto, (max-width: 140px) 100vw, 140px\" \/><span style=\"color: #003366;\">Patricia Peck Pinheiro e Paula Sandra Weber Tomazi<\/span><\/strong><\/p>\n<p><span style=\"color: #003366;\"><strong>Editor Saraiva<\/strong><\/span><\/p>\n<p><span style=\"color: #003366;\"><strong>Descripci\u00f3n:<\/strong><\/span> Conhe\u00e7a neste audiolivro os aspectos mais importantes sobre a seguran\u00e7a no ambiente digital de uma empresa: os riscos, os crimes eletr\u00f4nicos, a prote\u00e7\u00e3o de dados, a quest\u00e3o do monitoramento. Dicas preciosas sobre tecnologia da informa\u00e7\u00e3o, as vantagens e as amea\u00e7as da Era Digital.<\/p>\n","protected":false},"excerpt":{"rendered":"<p>Patricia Peck Pinheiro e Paula Sandra Weber Tomazi Editor Saraiva Descripci\u00f3n: Conhe\u00e7a neste audiolivro os aspectos mais importantes sobre a seguran\u00e7a no ambiente digital de uma empresa: os riscos, os crimes eletr\u00f4nicos, a prote\u00e7\u00e3o de dados, a quest\u00e3o do monitoramento. Dicas preciosas sobre tecnologia da informa\u00e7\u00e3o, as vantagens e as amea\u00e7as da Era Digital.<\/p>\n","protected":false},"author":3,"featured_media":4741,"comment_status":"open","ping_status":"closed","sticky":false,"template":"","format":"standard","meta":{"footnotes":""},"categories":[6,20],"tags":[],"class_list":["post-4740","post","type-post","status-publish","format-standard","has-post-thumbnail","hentry","category-livros","category-seguranca-da-informacao"],"views":163,"_links":{"self":[{"href":"https:\/\/www.bibliotecadeseguranca.com.br\/fr\/wp-json\/wp\/v2\/posts\/4740","targetHints":{"allow":["GET"]}}],"collection":[{"href":"https:\/\/www.bibliotecadeseguranca.com.br\/fr\/wp-json\/wp\/v2\/posts"}],"about":[{"href":"https:\/\/www.bibliotecadeseguranca.com.br\/fr\/wp-json\/wp\/v2\/types\/post"}],"author":[{"embeddable":true,"href":"https:\/\/www.bibliotecadeseguranca.com.br\/fr\/wp-json\/wp\/v2\/users\/3"}],"replies":[{"embeddable":true,"href":"https:\/\/www.bibliotecadeseguranca.com.br\/fr\/wp-json\/wp\/v2\/comments?post=4740"}],"version-history":[{"count":3,"href":"https:\/\/www.bibliotecadeseguranca.com.br\/fr\/wp-json\/wp\/v2\/posts\/4740\/revisions"}],"predecessor-version":[{"id":9640,"href":"https:\/\/www.bibliotecadeseguranca.com.br\/fr\/wp-json\/wp\/v2\/posts\/4740\/revisions\/9640"}],"wp:featuredmedia":[{"embeddable":true,"href":"https:\/\/www.bibliotecadeseguranca.com.br\/fr\/wp-json\/wp\/v2\/media\/4741"}],"wp:attachment":[{"href":"https:\/\/www.bibliotecadeseguranca.com.br\/fr\/wp-json\/wp\/v2\/media?parent=4740"}],"wp:term":[{"taxonomy":"category","embeddable":true,"href":"https:\/\/www.bibliotecadeseguranca.com.br\/fr\/wp-json\/wp\/v2\/categories?post=4740"},{"taxonomy":"post_tag","embeddable":true,"href":"https:\/\/www.bibliotecadeseguranca.com.br\/fr\/wp-json\/wp\/v2\/tags?post=4740"}],"curies":[{"name":"wp","href":"https:\/\/api.w.org\/{rel}","templated":true}]}}