{"id":4728,"date":"2012-11-29T20:05:18","date_gmt":"2012-11-29T23:05:18","guid":{"rendered":"http:\/\/www.bibliotecadeseguranca.com.br\/fr\/?p=4728"},"modified":"2014-02-06T00:50:49","modified_gmt":"2014-02-06T03:50:49","slug":"mobilizacao-de-micro-comunidades-vizinhanca-e-seguranca-publica","status":"publish","type":"post","link":"https:\/\/www.bibliotecadeseguranca.com.br\/fr\/livros\/mobilizacao-de-micro-comunidades-vizinhanca-e-seguranca-publica\/","title":{"rendered":"Mobiliza\u00e7\u00e3o de Micro Comunidades: Vizinhan\u00e7a e Seguran\u00e7a P\u00fablica"},"content":{"rendered":"<p><strong><img loading=\"lazy\" decoding=\"async\" class=\"alignleft size-full wp-image-4729\" title=\"Mobiliza\u00e7\u00e3o de Micro Comunidades: Vizinhan\u00e7a e Seguran\u00e7a P\u00fablica\" alt=\"\" src=\"http:\/\/www.bibliotecadeseguranca.com.br\/fr\/wp-content\/uploads\/2012\/11\/mobilizacao-de-micro-comunidades-vizinhanca-e-seguranca-publica.jpg\" width=\"135\" height=\"196\" srcset=\"https:\/\/www.bibliotecadeseguranca.com.br\/fr\/wp-content\/uploads\/2012\/11\/mobilizacao-de-micro-comunidades-vizinhanca-e-seguranca-publica.jpg 135w, https:\/\/www.bibliotecadeseguranca.com.br\/fr\/wp-content\/uploads\/2012\/11\/mobilizacao-de-micro-comunidades-vizinhanca-e-seguranca-publica-103x150.jpg 103w\" sizes=\"auto, (max-width: 135px) 100vw, 135px\" \/><span style=\"color: #003366;\">Luiz Eduardo Pesce de Arruda<\/span><\/strong><\/p>\n<p><span style=\"color: #003366;\"><strong>Editor Sicurezza<\/strong><\/span><\/p>\n<p><span style=\"color: #003366;\"><strong>Descripci\u00f3n:<\/strong><\/span> Os graves epis\u00f3dios que se abateram sobre o Estado de S\u00e3o Paulo \u2013 mais particularmente sobre a Capital e regi\u00e3o metropolitana \u2013 e cujo epicentro pode ser marcadamente determinado pelo per\u00edodo compreendido entre os dias 12 e 15 de maio de 2006 \u2013 encerram li\u00e7\u00f5es ainda insuficientemente estudadas. Nesta ocasi\u00e3o, conforme apurado mais tarde, comerciantes do entorno souberam que o ataque estava articulado para se processar no per\u00edodo noturno e, mesmo assim ningu\u00e9m adotou a iniciativa de alertar a guarni\u00e7\u00e3o policial sobre a inten\u00e7\u00e3o dos meliantes. Seja por falta de interlocu\u00e7\u00e3o pr\u00e9via entre policiais e membros da comunidade, de confian\u00e7a rec\u00edproca, de di\u00e1logo, por temor dos meliantes, por simples omiss\u00e3o ou pela somat\u00f3ria de uma ou v\u00e1rias dessas raz\u00f5es. Luiz Eduardo Pesce de Arruda, autor da obra Mobiliza\u00e7\u00e3o de Micro Comunidades: Vizinhan\u00e7a e Seguran\u00e7a P\u00fablica, com propriedade explorou os acontecimentos e esclarece com extrema objetividade a real necessidade da aplica\u00e7\u00e3o de uma ferramenta de integra\u00e7\u00e3o entre a popula\u00e7\u00e3o e a Seguran\u00e7a P\u00fablica.<\/p>\n","protected":false},"excerpt":{"rendered":"<p>Luiz Eduardo Pesce de Arruda Editor Sicurezza Descripci\u00f3n: Os graves epis\u00f3dios que se abateram sobre o Estado de S\u00e3o Paulo \u2013 mais particularmente sobre a Capital e regi\u00e3o metropolitana \u2013 e cujo epicentro pode ser marcadamente determinado pelo per\u00edodo compreendido entre os dias 12 e 15 de maio de 2006 \u2013 encerram li\u00e7\u00f5es ainda insuficientemente estudadas. Nesta ocasi\u00e3o, conforme apurado mais tarde, comerciantes do entorno souberam que o ataque estava&hellip; <\/p>\n","protected":false},"author":3,"featured_media":4729,"comment_status":"open","ping_status":"closed","sticky":false,"template":"","format":"standard","meta":{"footnotes":""},"categories":[6,25],"tags":[],"class_list":["post-4728","post","type-post","status-publish","format-standard","has-post-thumbnail","hentry","category-livros","category-seguranca-publica-e-defesa"],"views":466,"_links":{"self":[{"href":"https:\/\/www.bibliotecadeseguranca.com.br\/fr\/wp-json\/wp\/v2\/posts\/4728","targetHints":{"allow":["GET"]}}],"collection":[{"href":"https:\/\/www.bibliotecadeseguranca.com.br\/fr\/wp-json\/wp\/v2\/posts"}],"about":[{"href":"https:\/\/www.bibliotecadeseguranca.com.br\/fr\/wp-json\/wp\/v2\/types\/post"}],"author":[{"embeddable":true,"href":"https:\/\/www.bibliotecadeseguranca.com.br\/fr\/wp-json\/wp\/v2\/users\/3"}],"replies":[{"embeddable":true,"href":"https:\/\/www.bibliotecadeseguranca.com.br\/fr\/wp-json\/wp\/v2\/comments?post=4728"}],"version-history":[{"count":3,"href":"https:\/\/www.bibliotecadeseguranca.com.br\/fr\/wp-json\/wp\/v2\/posts\/4728\/revisions"}],"predecessor-version":[{"id":9636,"href":"https:\/\/www.bibliotecadeseguranca.com.br\/fr\/wp-json\/wp\/v2\/posts\/4728\/revisions\/9636"}],"wp:featuredmedia":[{"embeddable":true,"href":"https:\/\/www.bibliotecadeseguranca.com.br\/fr\/wp-json\/wp\/v2\/media\/4729"}],"wp:attachment":[{"href":"https:\/\/www.bibliotecadeseguranca.com.br\/fr\/wp-json\/wp\/v2\/media?parent=4728"}],"wp:term":[{"taxonomy":"category","embeddable":true,"href":"https:\/\/www.bibliotecadeseguranca.com.br\/fr\/wp-json\/wp\/v2\/categories?post=4728"},{"taxonomy":"post_tag","embeddable":true,"href":"https:\/\/www.bibliotecadeseguranca.com.br\/fr\/wp-json\/wp\/v2\/tags?post=4728"}],"curies":[{"name":"wp","href":"https:\/\/api.w.org\/{rel}","templated":true}]}}