{"id":4716,"date":"2012-11-29T19:59:14","date_gmt":"2012-11-29T22:59:14","guid":{"rendered":"http:\/\/www.bibliotecadeseguranca.com.br\/fr\/?p=4716"},"modified":"2014-11-06T07:18:04","modified_gmt":"2014-11-06T10:18:04","slug":"confidencial-coletanea-de-artigos-sobre-seguranca","status":"publish","type":"post","link":"https:\/\/www.bibliotecadeseguranca.com.br\/fr\/livros\/confidencial-coletanea-de-artigos-sobre-seguranca\/","title":{"rendered":"Confidencial &#8211; Colet\u00e2nea de Artigos Sobre Seguran\u00e7a"},"content":{"rendered":"<p><strong><img loading=\"lazy\" decoding=\"async\" class=\"alignleft size-full wp-image-4717\" title=\"Confidencial - Colet\u00e2nea de Artigos Sobre Seguran\u00e7a\" src=\"http:\/\/www.bibliotecadeseguranca.com.br\/fr\/wp-content\/uploads\/2012\/11\/confidencial-coletanea-de-artigos-sobre-seguranca.jpg\" alt=\"\" width=\"131\" height=\"200\" srcset=\"https:\/\/www.bibliotecadeseguranca.com.br\/fr\/wp-content\/uploads\/2012\/11\/confidencial-coletanea-de-artigos-sobre-seguranca.jpg 131w, https:\/\/www.bibliotecadeseguranca.com.br\/fr\/wp-content\/uploads\/2012\/11\/confidencial-coletanea-de-artigos-sobre-seguranca-98x150.jpg 98w\" sizes=\"auto, (max-width: 131px) 100vw, 131px\" \/><span style=\"color: #003366;\">Marcos Antonio de Sousa<\/span><\/strong><\/p>\n<p><span style=\"color: #003366;\"><strong>Descripci\u00f3n:<\/strong><\/span> Livro 100% focado no mercado de seguran\u00e7a. Alguns dos principais artigos publicados em revistas, jornais e publica\u00e7\u00f5es especializadas em seguran\u00e7a. Artigos em Destaque: O &#8220;prato feito&#8221; da seguran\u00e7a; Guerra ou Suic\u00eddio Coletivo?; Protegido pela Garoupa e &#8220;Seguran\u00e7a n\u00e3o tem pre\u00e7o!&#8221; P\u00fablico-alvo: Empres\u00e1rios, diretores, gestores, vendedores, contratante e todos os profissionais do mercado de seguran\u00e7a (eletr\u00f4nica + privada).<\/p>\n","protected":false},"excerpt":{"rendered":"<p>Marcos Antonio de Sousa Descripci\u00f3n: Livro 100% focado no mercado de seguran\u00e7a. Alguns dos principais artigos publicados em revistas, jornais e publica\u00e7\u00f5es especializadas em seguran\u00e7a. Artigos em Destaque: O &#8220;prato feito&#8221; da seguran\u00e7a; Guerra ou Suic\u00eddio Coletivo?; Protegido pela Garoupa e &#8220;Seguran\u00e7a n\u00e3o tem pre\u00e7o!&#8221; P\u00fablico-alvo: Empres\u00e1rios, diretores, gestores, vendedores, contratante e todos os profissionais do mercado de seguran\u00e7a (eletr\u00f4nica + privada).<\/p>\n","protected":false},"author":3,"featured_media":4717,"comment_status":"open","ping_status":"closed","sticky":false,"template":"","format":"standard","meta":{"footnotes":""},"categories":[26,6],"tags":[],"class_list":["post-4716","post","type-post","status-publish","format-standard","has-post-thumbnail","hentry","category-outros","category-livros"],"views":360,"_links":{"self":[{"href":"https:\/\/www.bibliotecadeseguranca.com.br\/fr\/wp-json\/wp\/v2\/posts\/4716","targetHints":{"allow":["GET"]}}],"collection":[{"href":"https:\/\/www.bibliotecadeseguranca.com.br\/fr\/wp-json\/wp\/v2\/posts"}],"about":[{"href":"https:\/\/www.bibliotecadeseguranca.com.br\/fr\/wp-json\/wp\/v2\/types\/post"}],"author":[{"embeddable":true,"href":"https:\/\/www.bibliotecadeseguranca.com.br\/fr\/wp-json\/wp\/v2\/users\/3"}],"replies":[{"embeddable":true,"href":"https:\/\/www.bibliotecadeseguranca.com.br\/fr\/wp-json\/wp\/v2\/comments?post=4716"}],"version-history":[{"count":4,"href":"https:\/\/www.bibliotecadeseguranca.com.br\/fr\/wp-json\/wp\/v2\/posts\/4716\/revisions"}],"predecessor-version":[{"id":11633,"href":"https:\/\/www.bibliotecadeseguranca.com.br\/fr\/wp-json\/wp\/v2\/posts\/4716\/revisions\/11633"}],"wp:featuredmedia":[{"embeddable":true,"href":"https:\/\/www.bibliotecadeseguranca.com.br\/fr\/wp-json\/wp\/v2\/media\/4717"}],"wp:attachment":[{"href":"https:\/\/www.bibliotecadeseguranca.com.br\/fr\/wp-json\/wp\/v2\/media?parent=4716"}],"wp:term":[{"taxonomy":"category","embeddable":true,"href":"https:\/\/www.bibliotecadeseguranca.com.br\/fr\/wp-json\/wp\/v2\/categories?post=4716"},{"taxonomy":"post_tag","embeddable":true,"href":"https:\/\/www.bibliotecadeseguranca.com.br\/fr\/wp-json\/wp\/v2\/tags?post=4716"}],"curies":[{"name":"wp","href":"https:\/\/api.w.org\/{rel}","templated":true}]}}