{"id":4710,"date":"2012-11-29T19:46:01","date_gmt":"2012-11-29T22:46:01","guid":{"rendered":"http:\/\/www.bibliotecadeseguranca.com.br\/fr\/?p=4710"},"modified":"2014-02-06T00:51:16","modified_gmt":"2014-02-06T03:51:16","slug":"a-seguranca-pessoal-e-o-sequestro","status":"publish","type":"post","link":"https:\/\/www.bibliotecadeseguranca.com.br\/fr\/livros\/a-seguranca-pessoal-e-o-sequestro\/","title":{"rendered":"A Seguran\u00e7a Pessoal e o Sequestro"},"content":{"rendered":"<p><strong><img loading=\"lazy\" decoding=\"async\" class=\"alignleft size-full wp-image-4711\" title=\"A Seguran\u00e7a Pessoal e o Sequestro\" alt=\"\" src=\"http:\/\/www.bibliotecadeseguranca.com.br\/fr\/wp-content\/uploads\/2012\/11\/a-seguranca-pessoal-e-o-sequestro.jpg\" width=\"140\" height=\"211\" srcset=\"https:\/\/www.bibliotecadeseguranca.com.br\/fr\/wp-content\/uploads\/2012\/11\/a-seguranca-pessoal-e-o-sequestro.jpg 140w, https:\/\/www.bibliotecadeseguranca.com.br\/fr\/wp-content\/uploads\/2012\/11\/a-seguranca-pessoal-e-o-sequestro-99x150.jpg 99w\" sizes=\"auto, (max-width: 140px) 100vw, 140px\" \/><span style=\"color: #003366;\">Ademir Ribeiro da Silva e Jorge Cypriano Alves<\/span><\/strong><\/p>\n<p><span style=\"color: #003366;\"><strong>Erca Editora e Gr\u00e1fica<\/strong><\/span><\/p>\n<p><span style=\"color: #003366;\"><strong>Descripci\u00f3n:<\/strong><\/span> Esta obra n\u00e3o tem a pretens\u00e3o de ser a melhor e a mais completa sobre o assunto, mas t\u00e3o somente de analis\u00e1-lo sob o ponto de vista policial\/preventivo, com fundamento na experi\u00eancia dos autores (policiais investigadores\/operacionais no Estado do Rio de Janeiro) e propiciar a todos os que se dedicam \u00e0 seguran\u00e7a pessoal \u2013 oficial e privada, outras informa\u00e7\u00f5es sobre como prever o sequestro \u2013 pr\u00e9-sequestro, e como planejar a seguran\u00e7a pessoal.<\/p>\n","protected":false},"excerpt":{"rendered":"<p>Ademir Ribeiro da Silva e Jorge Cypriano Alves Erca Editora e Gr\u00e1fica Descripci\u00f3n: Esta obra n\u00e3o tem a pretens\u00e3o de ser a melhor e a mais completa sobre o assunto, mas t\u00e3o somente de analis\u00e1-lo sob o ponto de vista policial\/preventivo, com fundamento na experi\u00eancia dos autores (policiais investigadores\/operacionais no Estado do Rio de Janeiro) e propiciar a todos os que se dedicam \u00e0 seguran\u00e7a pessoal \u2013 oficial e privada,&hellip; <\/p>\n","protected":false},"author":3,"featured_media":4711,"comment_status":"open","ping_status":"closed","sticky":false,"template":"","format":"standard","meta":{"footnotes":""},"categories":[6,24],"tags":[],"class_list":["post-4710","post","type-post","status-publish","format-standard","has-post-thumbnail","hentry","category-livros","category-seguranca-pessoal-e-sequestro"],"views":223,"_links":{"self":[{"href":"https:\/\/www.bibliotecadeseguranca.com.br\/fr\/wp-json\/wp\/v2\/posts\/4710","targetHints":{"allow":["GET"]}}],"collection":[{"href":"https:\/\/www.bibliotecadeseguranca.com.br\/fr\/wp-json\/wp\/v2\/posts"}],"about":[{"href":"https:\/\/www.bibliotecadeseguranca.com.br\/fr\/wp-json\/wp\/v2\/types\/post"}],"author":[{"embeddable":true,"href":"https:\/\/www.bibliotecadeseguranca.com.br\/fr\/wp-json\/wp\/v2\/users\/3"}],"replies":[{"embeddable":true,"href":"https:\/\/www.bibliotecadeseguranca.com.br\/fr\/wp-json\/wp\/v2\/comments?post=4710"}],"version-history":[{"count":3,"href":"https:\/\/www.bibliotecadeseguranca.com.br\/fr\/wp-json\/wp\/v2\/posts\/4710\/revisions"}],"predecessor-version":[{"id":9630,"href":"https:\/\/www.bibliotecadeseguranca.com.br\/fr\/wp-json\/wp\/v2\/posts\/4710\/revisions\/9630"}],"wp:featuredmedia":[{"embeddable":true,"href":"https:\/\/www.bibliotecadeseguranca.com.br\/fr\/wp-json\/wp\/v2\/media\/4711"}],"wp:attachment":[{"href":"https:\/\/www.bibliotecadeseguranca.com.br\/fr\/wp-json\/wp\/v2\/media?parent=4710"}],"wp:term":[{"taxonomy":"category","embeddable":true,"href":"https:\/\/www.bibliotecadeseguranca.com.br\/fr\/wp-json\/wp\/v2\/categories?post=4710"},{"taxonomy":"post_tag","embeddable":true,"href":"https:\/\/www.bibliotecadeseguranca.com.br\/fr\/wp-json\/wp\/v2\/tags?post=4710"}],"curies":[{"name":"wp","href":"https:\/\/api.w.org\/{rel}","templated":true}]}}